{"id":1826,"date":"2022-09-01T16:21:10","date_gmt":"2022-09-01T14:21:10","guid":{"rendered":"http:\/\/pcf08.com\/?p=1826"},"modified":"2022-09-01T16:21:10","modified_gmt":"2022-09-01T14:21:10","slug":"legiferer-sur-limmigration-pour-etouffer-la-rentree-sociale","status":"publish","type":"post","link":"https:\/\/pcf08.com\/index.php\/2022\/09\/01\/legiferer-sur-limmigration-pour-etouffer-la-rentree-sociale\/","title":{"rendered":"L\u00e9gif\u00e9rer sur l\u2019immigration\u00a0: pour \u00e9touffer la rentr\u00e9e sociale\u00a0?"},"content":{"rendered":"<p align=\"justify\"><span style=\"font-family: Calibri, sans-serif;\">Le gouvernement, par la voix de G\u00e9rald Darmanin, souhaite balayer la question sociale en imposant l\u2019immigration comme priorit\u00e9 dans le d\u00e9bat public. Alors que la France vit une pouss\u00e9e inflationniste s\u00e9v\u00e8re, que des luttes sont men\u00e9es sur l\u2019ensemble du territoire par des salari\u00e9s, les syndicats appellent d\u2019ores et d\u00e9j\u00e0 \u00e0 une grande journ\u00e9e de mobilisation le 29\u00a0septembre.<\/span><\/p>\n<p align=\"justify\"><span style=\"font-family: Calibri, sans-serif;\">Apr\u00e8s diff\u00e9rents revers, la volont\u00e9 de G\u00e9rald Darmanin est de \u00ab\u2009donner les forces \u00e0 la R\u00e9publique de se d\u00e9fendre, en modifiant la loi s\u2019il le faut\u2009\u00bb en mati\u00e8re d\u2019immigration. Ce qui revient, dans sa conception des choses, \u00e0 r\u00e9tablir pleinement la double peine. Cette r\u00e9forme pourrait pousser la diff\u00e9renciation des peines en fonction de la nationalit\u00e9, avec une possibilit\u00e9 d\u2019expulsion du territoire national consid\u00e9rablement \u00e9largie.\u00a0S\u2019il faut \u00e9videmment lutter contre la d\u00e9linquance et donner les moyens \u00e0 la R\u00e9publique de le faire, ce n\u2019est pas dans l\u2019amalgame entre l\u2019immigration et la d\u00e9linquance que la solution se trouve.<\/span><\/p>\n<p align=\"justify\"><span style=\"font-family: Calibri, sans-serif;\">\u00ab\u00a0Le bon sens fran\u00e7ais\u00a0\u00bb, c\u2019est dans ces termes que Darmanin explique vouloir supprimer huit des neuf r\u00e9serves l\u00e9gales qui emp\u00eachent l\u2019expulsion d\u2019\u00e9trangers condamn\u00e9s pour crime en France. Parmi celles-ci\u00a0: le fait d\u2019\u00eatre arriv\u00e9 en France avant ses 13\u00a0ans, d\u2019y r\u00e9sider depuis plus de vingt ans, d\u2019\u00eatre mari\u00e9 \u00e0 un Fran\u00e7ais, ou d\u2019\u00eatre parent d\u2019un enfant.\u00a0En plus d\u2019\u00eatre opportun\u00e9ment choisie pour saper la question sociale d\u00e8s la rentr\u00e9e, cette \u00ab\u2009th\u00e9matique\u2009\u00bb annonce d\u00e9j\u00e0 un \u00ab\u2009un concours L\u00e9pine\u2009\u00bb du s\u00e9curitaire entre LR et le RN. \u00c0 sa mani\u00e8re, le gouvernement jouera \u00e0 n\u2019en pas douter la carte du manich\u00e9isme dans le d\u00e9bat, en limitant celui-ci \u00e0 \u00ab\u2009pour ou contre la d\u00e9linquance\u2009\u00bb.<\/span><\/p>\n<p align=\"justify\"><span style=\"font-family: Calibri, sans-serif;\">Initialement pr\u00e9vu pour octobre, l\u2019examen du texte a \u00e9t\u00e9 repouss\u00e9 sur ordre de Matignon pour laisser place \u00e0 une \u00ab\u2009consultation\u2009\u00bb et \u00e0 un d\u00e9bat pr\u00e9alable au Parlement. Affaire \u00e0 suivre\u2026<\/span><\/p>\n<p align=\"right\"><span style=\"font-family: Calibri, sans-serif;\">Esteban EVRARD<\/span><\/p>\n","protected":false},"excerpt":{"rendered":"<p>Le gouvernement, par la voix de G\u00e9rald Darmanin, souhaite balayer la question sociale en imposant l\u2019immigration comme priorit\u00e9 dans le d\u00e9bat public. Alors que la France vit une pouss\u00e9e inflationniste s\u00e9v\u00e8re, que des luttes sont men\u00e9es sur l\u2019ensemble du territoire par des salari\u00e9s, les syndicats appellent d\u2019ores et d\u00e9j\u00e0 \u00e0 une grande journ\u00e9e de mobilisation [&hellip;]<\/p>\n","protected":false},"author":4,"featured_media":0,"comment_status":"closed","ping_status":"open","sticky":false,"template":"","format":"standard","meta":{"saved_in_kubio":false,"footnotes":""},"categories":[1],"tags":[],"class_list":["post-1826","post","type-post","status-publish","format-standard","hentry","category-non-classe"],"_links":{"self":[{"href":"https:\/\/pcf08.com\/index.php\/wp-json\/wp\/v2\/posts\/1826","targetHints":{"allow":["GET"]}}],"collection":[{"href":"https:\/\/pcf08.com\/index.php\/wp-json\/wp\/v2\/posts"}],"about":[{"href":"https:\/\/pcf08.com\/index.php\/wp-json\/wp\/v2\/types\/post"}],"author":[{"embeddable":true,"href":"https:\/\/pcf08.com\/index.php\/wp-json\/wp\/v2\/users\/4"}],"replies":[{"embeddable":true,"href":"https:\/\/pcf08.com\/index.php\/wp-json\/wp\/v2\/comments?post=1826"}],"version-history":[{"count":1,"href":"https:\/\/pcf08.com\/index.php\/wp-json\/wp\/v2\/posts\/1826\/revisions"}],"predecessor-version":[{"id":1827,"href":"https:\/\/pcf08.com\/index.php\/wp-json\/wp\/v2\/posts\/1826\/revisions\/1827"}],"wp:attachment":[{"href":"https:\/\/pcf08.com\/index.php\/wp-json\/wp\/v2\/media?parent=1826"}],"wp:term":[{"taxonomy":"category","embeddable":true,"href":"https:\/\/pcf08.com\/index.php\/wp-json\/wp\/v2\/categories?post=1826"},{"taxonomy":"post_tag","embeddable":true,"href":"https:\/\/pcf08.com\/index.php\/wp-json\/wp\/v2\/tags?post=1826"}],"curies":[{"name":"wp","href":"https:\/\/api.w.org\/{rel}","templated":true}]}}