{"id":1816,"date":"2022-08-06T11:14:25","date_gmt":"2022-08-06T09:14:25","guid":{"rendered":"http:\/\/pcf08.com\/?p=1816"},"modified":"2022-08-06T11:14:25","modified_gmt":"2022-08-06T09:14:25","slug":"un-nouveau-depute-au-service-du-patronat","status":"publish","type":"post","link":"https:\/\/pcf08.com\/index.php\/2022\/08\/06\/un-nouveau-depute-au-service-du-patronat\/","title":{"rendered":"Un nouveau d\u00e9put\u00e9 au service\u2026.. du patronat"},"content":{"rendered":"<p align=\"justify\"><span style=\"font-family: Calibri, sans-serif;\"><img loading=\"lazy\" decoding=\"async\" class=\"alignleft wp-image-1817 size-medium\" src=\"https:\/\/pcf08.com\/wp-content\/uploads\/2022\/08\/292465686_10224558553410103_4989570417527430241_n-300x263.jpg\" alt=\"\" width=\"300\" height=\"263\" \/>Le nouveau d\u00e9put\u00e9 de la 1\u00e9re circonscription des Ardennes n\u2019est pas un inconnu. Il a s\u00e9vi pendant 13 ann\u00e9es comme d\u00e9l\u00e9gu\u00e9 g\u00e9n\u00e9ral \u00e0 l\u2019Union des Industries et M\u00e9tiers de la M\u00e9tallurgie (UIMM) la principale force du MEDEF 08. Le mandat de Lionel Vuibert, \u00e9lu de justesse (50,34%), commence mal. Il n\u2019a pas coup\u00e9 le cordon avec l\u2019organisation patronale ardennaise et peine \u00e0 se mettre au service du d\u00e9veloppement de notre d\u00e9partement. Nombre d\u2019entreprises de la m\u00e9tallurgie ont mis la clef sous la porte ces derni\u00e8res ann\u00e9es \u00e0 l\u2019image des patrons voyous de Thom\u00e9 G\u00e9not \u00e0 Nouzonville sans r\u00e9action de l\u2019UIMM et de celui qui, \u00e0 l\u2019\u00e9poque, \u00e9tait son secr\u00e9taire g\u00e9n\u00e9ral. <\/span><\/p>\n<p align=\"justify\"><span style=\"font-family: Calibri, sans-serif;\">Dans sa 1\u00e9re d\u00e9claration en qualit\u00e9 de d\u00e9put\u00e9 Lionel Vuibert annonce \u00ab\u00a0qu\u2019il restera le militant patronal qu\u2019il a \u00e9t\u00e9\u00a0\u00bb. Celui qui est affili\u00e9 au parti de E.Macron n\u2019a pas encore int\u00e9gr\u00e9 qu\u2019il n\u2019est plus au service du patronat mais \u00e0 celui de l\u2019ensemble des habitants de notre d\u00e9partement. L\u2019objectif est de favoriser la cr\u00e9ation d\u2018emplois et non de d\u00e9fendre une caste de dirigeants.<\/span><\/p>\n<p align=\"right\"><span style=\"font-family: Calibri, sans-serif;\">Sylvain DALLA-ROSA<\/span><\/p>\n","protected":false},"excerpt":{"rendered":"<p>Le nouveau d\u00e9put\u00e9 de la 1\u00e9re circonscription des Ardennes n\u2019est pas un inconnu. Il a s\u00e9vi pendant 13 ann\u00e9es comme d\u00e9l\u00e9gu\u00e9 g\u00e9n\u00e9ral \u00e0 l\u2019Union des Industries et M\u00e9tiers de la M\u00e9tallurgie (UIMM) la principale force du MEDEF 08. Le mandat de Lionel Vuibert, \u00e9lu de justesse (50,34%), commence mal. Il n\u2019a pas coup\u00e9 le cordon [&hellip;]<\/p>\n","protected":false},"author":2,"featured_media":0,"comment_status":"closed","ping_status":"open","sticky":false,"template":"","format":"standard","meta":{"saved_in_kubio":false,"footnotes":""},"categories":[1],"tags":[],"class_list":["post-1816","post","type-post","status-publish","format-standard","hentry","category-non-classe"],"_links":{"self":[{"href":"https:\/\/pcf08.com\/index.php\/wp-json\/wp\/v2\/posts\/1816","targetHints":{"allow":["GET"]}}],"collection":[{"href":"https:\/\/pcf08.com\/index.php\/wp-json\/wp\/v2\/posts"}],"about":[{"href":"https:\/\/pcf08.com\/index.php\/wp-json\/wp\/v2\/types\/post"}],"author":[{"embeddable":true,"href":"https:\/\/pcf08.com\/index.php\/wp-json\/wp\/v2\/users\/2"}],"replies":[{"embeddable":true,"href":"https:\/\/pcf08.com\/index.php\/wp-json\/wp\/v2\/comments?post=1816"}],"version-history":[{"count":1,"href":"https:\/\/pcf08.com\/index.php\/wp-json\/wp\/v2\/posts\/1816\/revisions"}],"predecessor-version":[{"id":1818,"href":"https:\/\/pcf08.com\/index.php\/wp-json\/wp\/v2\/posts\/1816\/revisions\/1818"}],"wp:attachment":[{"href":"https:\/\/pcf08.com\/index.php\/wp-json\/wp\/v2\/media?parent=1816"}],"wp:term":[{"taxonomy":"category","embeddable":true,"href":"https:\/\/pcf08.com\/index.php\/wp-json\/wp\/v2\/categories?post=1816"},{"taxonomy":"post_tag","embeddable":true,"href":"https:\/\/pcf08.com\/index.php\/wp-json\/wp\/v2\/tags?post=1816"}],"curies":[{"name":"wp","href":"https:\/\/api.w.org\/{rel}","templated":true}]}}