{"id":1813,"date":"2022-08-06T11:12:41","date_gmt":"2022-08-06T09:12:41","guid":{"rendered":"http:\/\/pcf08.com\/?p=1813"},"modified":"2022-08-06T11:12:41","modified_gmt":"2022-08-06T09:12:41","slug":"la-fete-de-lhumanite-2022-un-evenement-a-ne-pas-manquer","status":"publish","type":"post","link":"https:\/\/pcf08.com\/index.php\/2022\/08\/06\/la-fete-de-lhumanite-2022-un-evenement-a-ne-pas-manquer\/","title":{"rendered":"La F\u00eate de l\u2019Humanit\u00e9 2022\u00a0: un \u00e9v\u00e8nement \u00e0 ne pas manquer\u00a0!"},"content":{"rendered":"<p align=\"justify\"><span style=\"font-family: Calibri, sans-serif;\"><span style=\"font-size: small;\"><img loading=\"lazy\" decoding=\"async\" class=\"alignleft wp-image-1814 size-medium\" src=\"https:\/\/pcf08.com\/wp-content\/uploads\/2022\/08\/fete-huma-300x300.jpg\" alt=\"\" width=\"300\" height=\"300\" srcset=\"https:\/\/pcf08.com\/wp-content\/uploads\/2022\/08\/fete-huma-300x300.jpg 300w, https:\/\/pcf08.com\/wp-content\/uploads\/2022\/08\/fete-huma-1024x1024.jpg 1024w, https:\/\/pcf08.com\/wp-content\/uploads\/2022\/08\/fete-huma-150x150.jpg 150w, https:\/\/pcf08.com\/wp-content\/uploads\/2022\/08\/fete-huma-768x768.jpg 768w, https:\/\/pcf08.com\/wp-content\/uploads\/2022\/08\/fete-huma.jpg 1080w\" sizes=\"(max-width: 300px) 100vw, 300px\" \/>C\u2019est une nouvelle page qui s\u2019\u00e9crit. Apr\u00e8s vingt-deux ann\u00e9es pass\u00e9es \u00e0 proximit\u00e9 du parc de La Courneuve, en Seine-Saint-Denis, la F\u00eate de l\u2019Humanit\u00e9 est contrainte de changer de localisation en raison des jeux Olympiques de 2024. Cela a conduit \u00e0 repenser enti\u00e8rement l\u2019\u00e9v\u00e9nement populaire, musical et politique. <\/span><\/span><\/p>\n<p align=\"justify\"><span style=\"font-family: Calibri, sans-serif;\"><span style=\"font-size: small;\">La prochaine F\u00eate de l\u2019Humanit\u00e9, pr\u00e9vue le week-end des 9, 10 et 11 septembre, se d\u00e9roulera dans la banlieue sud, au Plessis-P\u00e2t\u00e9, sur le terrain de l\u2019ancienne base a\u00e9rienne 217. L\u2019infrastructure a \u00e9t\u00e9 adapt\u00e9e et le lieu est accessible en transport en commun par les RER C et D avec des navettes jusqu\u2019\u00e0 l\u2019entr\u00e9e de la f\u00eate.<\/span><\/span><\/p>\n<p align=\"justify\"><span style=\"font-family: Calibri, sans-serif;\"><span style=\"font-size: small;\">La nouvelle version verra ses all\u00e9es \u00e9largies, agr\u00e9ment\u00e9es de grandes plaines avec des espaces de repos. <\/span><\/span><\/p>\n<p align=\"justify\"><span style=\"font-family: Calibri, sans-serif;\"><span style=\"font-size: small;\">Pour le reste, la F\u00eate de l\u2019Humanit\u00e9 gardera ses sc\u00e8nes musicales et les lieux habituels de d\u00e9bats. L\u2019actualit\u00e9 sera marqu\u00e9e cette ann\u00e9e par la paix comme projet politique, mais aussi les batailles contre la vie ch\u00e8re, pour de meilleurs salaires et retraites, ou encore contre la banalisation de l\u2019extr\u00eame droite.<\/span><\/span><\/p>\n<p align=\"center\"><span style=\"color: #ff0000;\"><span style=\"font-family: Calibri, sans-serif;\"><span style=\"font-size: medium;\"><b>Un car est organis\u00e9 au d\u00e9part des Ardennes le samedi 10 septembre au prix de 65 \u20ac entr\u00e9e comprise.<\/b><\/span><\/span><\/span><\/p>\n<p align=\"justify\"><span style=\"font-family: Calibri, sans-serif;\"><span style=\"font-size: small;\">La r\u00e9servation est obligatoire\u00a0: renseignements au si\u00e8ge de la F\u00e9d\u00e9ration des Ardennes du PCF.<\/span><\/span><\/p>\n<p align=\"justify\"><span style=\"font-family: Calibri, sans-serif;\"><span style=\"font-size: small;\">Ceux qui ne peuvent se rendre \u00e0 la f\u00eate peuvent aussi contribuer par l\u2019achat de bons de soutien \u00e0 l\u2019Humanit\u00e9.<\/span><\/span><\/p>\n<p align=\"justify\"><span style=\"font-family: Calibri, sans-serif;\"><span style=\"font-size: small;\"><i>NB\u00a0: la F\u00e9d\u00e9ration sera ferm\u00e9e jusqu\u2019au 15 ao\u00fbt\u00a0: mettez un mail \u00e0 <\/i><\/span><\/span><a href=\"mailto:pcf08@wanadoo.fr\">pcf08@wanadoo.<\/a><a href=\"mailto:pcf08@wanadoo.fr\"><span style=\"font-family: Calibri, sans-serif;\"><span style=\"font-size: small;\"><i>fr<\/i><\/span><\/span><\/a><span style=\"font-family: Calibri, sans-serif;\"><span style=\"font-size: small;\"><i> pour prendre RV.<\/i><\/span><\/span><\/p>\n","protected":false},"excerpt":{"rendered":"<p>C\u2019est une nouvelle page qui s\u2019\u00e9crit. Apr\u00e8s vingt-deux ann\u00e9es pass\u00e9es \u00e0 proximit\u00e9 du parc de La Courneuve, en Seine-Saint-Denis, la F\u00eate de l\u2019Humanit\u00e9 est contrainte de changer de localisation en raison des jeux Olympiques de 2024. Cela a conduit \u00e0 repenser enti\u00e8rement l\u2019\u00e9v\u00e9nement populaire, musical et politique. La prochaine F\u00eate de l\u2019Humanit\u00e9, pr\u00e9vue le week-end [&hellip;]<\/p>\n","protected":false},"author":2,"featured_media":0,"comment_status":"closed","ping_status":"open","sticky":false,"template":"","format":"standard","meta":{"saved_in_kubio":false,"footnotes":""},"categories":[1],"tags":[],"class_list":["post-1813","post","type-post","status-publish","format-standard","hentry","category-non-classe"],"_links":{"self":[{"href":"https:\/\/pcf08.com\/index.php\/wp-json\/wp\/v2\/posts\/1813","targetHints":{"allow":["GET"]}}],"collection":[{"href":"https:\/\/pcf08.com\/index.php\/wp-json\/wp\/v2\/posts"}],"about":[{"href":"https:\/\/pcf08.com\/index.php\/wp-json\/wp\/v2\/types\/post"}],"author":[{"embeddable":true,"href":"https:\/\/pcf08.com\/index.php\/wp-json\/wp\/v2\/users\/2"}],"replies":[{"embeddable":true,"href":"https:\/\/pcf08.com\/index.php\/wp-json\/wp\/v2\/comments?post=1813"}],"version-history":[{"count":1,"href":"https:\/\/pcf08.com\/index.php\/wp-json\/wp\/v2\/posts\/1813\/revisions"}],"predecessor-version":[{"id":1815,"href":"https:\/\/pcf08.com\/index.php\/wp-json\/wp\/v2\/posts\/1813\/revisions\/1815"}],"wp:attachment":[{"href":"https:\/\/pcf08.com\/index.php\/wp-json\/wp\/v2\/media?parent=1813"}],"wp:term":[{"taxonomy":"category","embeddable":true,"href":"https:\/\/pcf08.com\/index.php\/wp-json\/wp\/v2\/categories?post=1813"},{"taxonomy":"post_tag","embeddable":true,"href":"https:\/\/pcf08.com\/index.php\/wp-json\/wp\/v2\/tags?post=1813"}],"curies":[{"name":"wp","href":"https:\/\/api.w.org\/{rel}","templated":true}]}}