{"id":1788,"date":"2022-06-23T09:10:10","date_gmt":"2022-06-23T07:10:10","guid":{"rendered":"http:\/\/pcf08.com\/?p=1788"},"modified":"2022-06-23T09:10:10","modified_gmt":"2022-06-23T07:10:10","slug":"deux-elections-pour-un-bilan-contraste","status":"publish","type":"post","link":"https:\/\/pcf08.com\/index.php\/2022\/06\/23\/deux-elections-pour-un-bilan-contraste\/","title":{"rendered":"Deux \u00e9lections pour un bilan contrast\u00e9"},"content":{"rendered":"<p align=\"justify\"><span style=\"font-size: medium;\"><img loading=\"lazy\" decoding=\"async\" class=\"size-medium wp-image-1789 alignleft\" src=\"https:\/\/pcf08.com\/wp-content\/uploads\/2022\/06\/Chassaigne-251x300.jpg\" alt=\"\" width=\"251\" height=\"300\" srcset=\"https:\/\/pcf08.com\/wp-content\/uploads\/2022\/06\/Chassaigne-251x300.jpg 251w, https:\/\/pcf08.com\/wp-content\/uploads\/2022\/06\/Chassaigne.jpg 720w\" sizes=\"(max-width: 251px) 100vw, 251px\" \/>Au sortir des deux s\u00e9quences \u00e9lectorales majeures que constitue cette V\u00e8me R\u00e9publique, plusieurs constats sont \u00e0 faire. D\u2019abord, le recul majeur de la gauche d\u2019un point du vu \u00e9lectoral et id\u00e9ologique. Ce recul s\u2019est v\u00e9rifi\u00e9 tant au cours des pr\u00e9sidentielles que des l\u00e9gislatives, o\u00f9, les forces r\u00e9actionnaires, lib\u00e9rales et d\u2019extr\u00eames droites r\u00e9unies obtiennent une large majorit\u00e9 dans ces scrutins. Sans d\u00e9faitisme aucun, la lucidit\u00e9 est tout de m\u00eame de mise. La d\u00e9connexion profonde d\u2019une large partie de la gauche vis-\u00e0-vis du monde du travail et le refus de cette-ci de traiter une partie des questions importantes pour les Fran\u00e7ais ne pouvait que conduire \u00e0 son affaiblissement. L\u2019espoir promis par le large rassemblement des forces de gauches n\u2019a pas permis l\u2019engouement populaire souhait\u00e9. Malgr\u00e9 de bons r\u00e9sultats et pr\u00e8s de 150 d\u00e9put\u00e9s de gauche, l\u2019opposition aux projets mortif\u00e8res de Macron qui aura le soutien \u00e0 peine voil\u00e9 d\u2019une droite qui se veut d\u2019opposition \u00ab\u00a0utile\u00a0\u00bb et d\u2019une extr\u00eame-droite qui repr\u00e9sente la b\u00e9quille parfaite du patronat sera bien compliqu\u00e9e. La gauche progresse par rapport \u00e0 2017 mais reste historiquement faible. Le choix des candidatures uniques lui permet de progresser en nombre de d\u00e9put\u00e9s mais elle recule en nombre de voix et en pourcentage par rapport \u00e0 la pr\u00e9sidentielle. <\/span><\/p>\n<p align=\"justify\"><span style=\"font-size: medium;\">Le choix de Jean-Luc M\u00e9lenchon comme d\u2019Emmanuel Macron de pousser le plus loin possible \u00ab\u00a0le vote utile\u00a0\u00bb affaiblit le d\u00e9bat politique au profit d\u2019un \u00e9lectoralisme extr\u00eame o\u00f9 il ne s\u2019agit plus de voter pour un projet mais pour une figure \u00ab\u00a0capable\u00a0\u00bb d\u2019aller au second tour. L\u2019abstention massive, dont quoi qu\u2019ils puissent en dire, les lib\u00e9raux s\u2019accommodent tr\u00e8s bien, traduit d\u2019une part la forte r\u00e9signation notamment des jeunes, des ouvriers et des employ\u00e9s, mais aussi le rejet profond de cette V\u00e8me R\u00e9publique exacerb\u00e9e par un pr\u00e9sidentialisme offensif que le PCF rejette depuis toujours. L\u2019extr\u00eame-droite, quant \u00e0 elle, profite de cette r\u00e9signation pour ancrer dans les t\u00eates son projet profond\u00e9ment x\u00e9nophobe et aux antipodes de nos valeurs R\u00e9publicaines, sous couvert d\u2019un discours social\u00a0\u2013 qui ne remet pas pour autant en cause l\u2019accumulation des richesses entre quelques mains ni la spoliation des richesses produites par les travailleurs.<img loading=\"lazy\" decoding=\"async\" class=\"size-medium wp-image-1790 alignright\" src=\"https:\/\/pcf08.com\/wp-content\/uploads\/2022\/06\/ousselok--300x169.jpg\" alt=\"\" width=\"300\" height=\"169\" \/> <\/span><\/p>\n<p align=\"justify\"><span style=\"font-size: medium;\">Si nous pouvons nous f\u00e9liciter que l\u2019opposition de gauche soit plus forte \u00e0 l\u2019Assembl\u00e9e, nous savons pour notre part que le rapport de force se joue d\u2019abord dans la r\u00e9alit\u00e9 des r\u00e9sistances et mobilisations du pays, que la gauche soit au pouvoir ou qu\u2019elle ne le soit pas d\u2019ailleurs. Les r\u00e9sultats \u00e9lectoraux de la NUPES ne peuvent masquer que la question de l\u2019unit\u00e9 populaire et de la construction d\u2019une alternative de transformation sociale de caract\u00e8re r\u00e9volutionnaire reste pos\u00e9e. <\/span><\/p>\n<p><span id=\"Cadre5\" dir=\"ltr\"><\/span><span style=\"font-size: medium;\">Dans ces conditions, refuser tout h\u00e9g\u00e9monisme \u00e0 gauche est primordial. A l\u2019inverse il faut privil\u00e9gier la discussion et le d\u00e9bat de fond. Le PCF y prend largement sa part et confirme dors et d\u00e9j\u00e0 qu\u2019il conserve son groupe GDR \u00e0 l\u2019Assembl\u00e9e. <\/span><\/p>\n<p style=\"text-align: right;\"><span style=\"font-family: Times New Roman, serif;\"><span style=\"font-size: medium;\">Esteban EVRARD<\/span><\/span><\/p>\n<p align=\"justify\"><span style=\"color: #ce181e;\"><u><b>Liste des d\u00e9put\u00e9s communistes\u00a0:<\/b><\/u><\/span><\/p>\n<p align=\"justify\">&#8211; Fabien Roussel (59)<\/p>\n<p align=\"justify\">&#8211; Andr\u00e9 Chassaigne (63)<\/p>\n<p align=\"justify\">&#8211; Yannick Monnet (03)<\/p>\n<p align=\"justify\">&#8211; Pierre Dharreville (13)<\/p>\n<p align=\"justify\">&#8211; Stephan Peu (93)<\/p>\n<p align=\"justify\">&#8211; S\u00e9bastien Jumel (76)<\/p>\n<p align=\"justify\">&#8211; Hubert Wulfranc (76)<\/p>\n<p align=\"justify\">&#8211; Jean-Paul Lecoq (76)<\/p>\n<p align=\"justify\">&#8211; Nicolas Sansu (18)<\/p>\n<p align=\"justify\">&#8211; Jean-Marc Tellier (62)<\/p>\n<p align=\"justify\">&#8211; Elsa Faucillon (92)<\/p>\n<p align=\"justify\">&#8211; Soumya Bourouaha (93)<\/p>\n","protected":false},"excerpt":{"rendered":"<p>Au sortir des deux s\u00e9quences \u00e9lectorales majeures que constitue cette V\u00e8me R\u00e9publique, plusieurs constats sont \u00e0 faire. D\u2019abord, le recul majeur de la gauche d\u2019un point du vu \u00e9lectoral et id\u00e9ologique. Ce recul s\u2019est v\u00e9rifi\u00e9 tant au cours des pr\u00e9sidentielles que des l\u00e9gislatives, o\u00f9, les forces r\u00e9actionnaires, lib\u00e9rales et d\u2019extr\u00eames droites r\u00e9unies obtiennent une large [&hellip;]<\/p>\n","protected":false},"author":4,"featured_media":0,"comment_status":"closed","ping_status":"open","sticky":false,"template":"","format":"standard","meta":{"saved_in_kubio":false,"footnotes":""},"categories":[1],"tags":[],"class_list":["post-1788","post","type-post","status-publish","format-standard","hentry","category-non-classe"],"_links":{"self":[{"href":"https:\/\/pcf08.com\/index.php\/wp-json\/wp\/v2\/posts\/1788","targetHints":{"allow":["GET"]}}],"collection":[{"href":"https:\/\/pcf08.com\/index.php\/wp-json\/wp\/v2\/posts"}],"about":[{"href":"https:\/\/pcf08.com\/index.php\/wp-json\/wp\/v2\/types\/post"}],"author":[{"embeddable":true,"href":"https:\/\/pcf08.com\/index.php\/wp-json\/wp\/v2\/users\/4"}],"replies":[{"embeddable":true,"href":"https:\/\/pcf08.com\/index.php\/wp-json\/wp\/v2\/comments?post=1788"}],"version-history":[{"count":1,"href":"https:\/\/pcf08.com\/index.php\/wp-json\/wp\/v2\/posts\/1788\/revisions"}],"predecessor-version":[{"id":1791,"href":"https:\/\/pcf08.com\/index.php\/wp-json\/wp\/v2\/posts\/1788\/revisions\/1791"}],"wp:attachment":[{"href":"https:\/\/pcf08.com\/index.php\/wp-json\/wp\/v2\/media?parent=1788"}],"wp:term":[{"taxonomy":"category","embeddable":true,"href":"https:\/\/pcf08.com\/index.php\/wp-json\/wp\/v2\/categories?post=1788"},{"taxonomy":"post_tag","embeddable":true,"href":"https:\/\/pcf08.com\/index.php\/wp-json\/wp\/v2\/tags?post=1788"}],"curies":[{"name":"wp","href":"https:\/\/api.w.org\/{rel}","templated":true}]}}