{"id":1782,"date":"2022-06-16T14:12:25","date_gmt":"2022-06-16T12:12:25","guid":{"rendered":"http:\/\/pcf08.com\/?p=1782"},"modified":"2022-06-16T14:12:25","modified_gmt":"2022-06-16T12:12:25","slug":"fete-de-lhumanite-2","status":"publish","type":"post","link":"https:\/\/pcf08.com\/index.php\/2022\/06\/16\/fete-de-lhumanite-2\/","title":{"rendered":"F\u00eate de l\u2019Humanit\u00e9"},"content":{"rendered":"<p align=\"justify\"><span style=\"font-family: Calibri, sans-serif;\"><img loading=\"lazy\" decoding=\"async\" class=\"size-medium wp-image-1783 alignleft\" src=\"https:\/\/pcf08.com\/wp-content\/uploads\/2022\/06\/16-06-fete-huma-300x169.jpg\" alt=\"\" width=\"300\" height=\"169\" srcset=\"https:\/\/pcf08.com\/wp-content\/uploads\/2022\/06\/16-06-fete-huma-300x169.jpg 300w, https:\/\/pcf08.com\/wp-content\/uploads\/2022\/06\/16-06-fete-huma.jpg 748w\" sizes=\"(max-width: 300px) 100vw, 300px\" \/><\/span><\/p>\n<p align=\"justify\">\n<p align=\"justify\"><span style=\"font-family: Calibri, sans-serif;\">Les vignettes sont en vente \u00e0 la f\u00e9d\u00e9ration au prix de 35 \u20ac<\/span><\/p>\n<p align=\"justify\"><span style=\"font-family: Calibri, sans-serif;\">Un car sera organis\u00e9 au d\u00e9part de Charleville-M\u00e9zi\u00e8res le samedi au prix de 65 \u20ac (vignette comprise). Les inscriptions sont prises d\u00e8s maintenant au 03 24 56 40 43.<\/span><\/p>\n","protected":false},"excerpt":{"rendered":"<p>Les vignettes sont en vente \u00e0 la f\u00e9d\u00e9ration au prix de 35 \u20ac Un car sera organis\u00e9 au d\u00e9part de Charleville-M\u00e9zi\u00e8res le samedi au prix de 65 \u20ac (vignette comprise). Les inscriptions sont prises d\u00e8s maintenant au 03 24 56 40 43.<\/p>\n","protected":false},"author":4,"featured_media":0,"comment_status":"closed","ping_status":"open","sticky":false,"template":"","format":"standard","meta":{"saved_in_kubio":false,"footnotes":""},"categories":[1],"tags":[],"class_list":["post-1782","post","type-post","status-publish","format-standard","hentry","category-non-classe"],"_links":{"self":[{"href":"https:\/\/pcf08.com\/index.php\/wp-json\/wp\/v2\/posts\/1782","targetHints":{"allow":["GET"]}}],"collection":[{"href":"https:\/\/pcf08.com\/index.php\/wp-json\/wp\/v2\/posts"}],"about":[{"href":"https:\/\/pcf08.com\/index.php\/wp-json\/wp\/v2\/types\/post"}],"author":[{"embeddable":true,"href":"https:\/\/pcf08.com\/index.php\/wp-json\/wp\/v2\/users\/4"}],"replies":[{"embeddable":true,"href":"https:\/\/pcf08.com\/index.php\/wp-json\/wp\/v2\/comments?post=1782"}],"version-history":[{"count":1,"href":"https:\/\/pcf08.com\/index.php\/wp-json\/wp\/v2\/posts\/1782\/revisions"}],"predecessor-version":[{"id":1784,"href":"https:\/\/pcf08.com\/index.php\/wp-json\/wp\/v2\/posts\/1782\/revisions\/1784"}],"wp:attachment":[{"href":"https:\/\/pcf08.com\/index.php\/wp-json\/wp\/v2\/media?parent=1782"}],"wp:term":[{"taxonomy":"category","embeddable":true,"href":"https:\/\/pcf08.com\/index.php\/wp-json\/wp\/v2\/categories?post=1782"},{"taxonomy":"post_tag","embeddable":true,"href":"https:\/\/pcf08.com\/index.php\/wp-json\/wp\/v2\/tags?post=1782"}],"curies":[{"name":"wp","href":"https:\/\/api.w.org\/{rel}","templated":true}]}}