{"id":1775,"date":"2022-06-16T14:08:01","date_gmt":"2022-06-16T12:08:01","guid":{"rendered":"http:\/\/pcf08.com\/?p=1775"},"modified":"2022-06-16T14:08:01","modified_gmt":"2022-06-16T12:08:01","slug":"communique-de-presse-de-la-federation-des-ardennes-du-pcf","status":"publish","type":"post","link":"https:\/\/pcf08.com\/index.php\/2022\/06\/16\/communique-de-presse-de-la-federation-des-ardennes-du-pcf\/","title":{"rendered":"Communiqu\u00e9 de presse de la F\u00e9d\u00e9ration des Ardennes du PCF"},"content":{"rendered":"<p align=\"justify\"><span style=\"font-family: Calibri, sans-serif;\">Nous tenons tout d\u2019abord \u00e0 remercier les milliers d\u2019\u00e9lecteurs qui ont fait le choix de voter pour la Nouvelle Union Populaire \u00c9cologique et Sociale dont le PCF \u00e9tait partie prenante, notamment dans les Ardennes. Les r\u00e9sultats r\u00e9alis\u00e9s montrent bien le souhait d\u2019une large partie de la population d\u2019un changement majeur de cap politique.<\/span><\/p>\n<p align=\"justify\"><span style=\"font-family: Calibri, sans-serif;\">Pour autant, nous regrettons les scores r\u00e9alis\u00e9s par l\u2019extr\u00eame droite dans notre d\u00e9partement. Ces r\u00e9sultats sont en grande partie le fruit des politiques brutales, antisociales et ultra lib\u00e9rales men\u00e9es depuis des d\u00e9cennies par la droite, les sociaux-lib\u00e9raux et les macronnistes. <\/span><span style=\"font-family: Calibri, sans-serif;\">Fort de notre h\u00e9ritage et de nos valeurs, nous appelons \u00e0 faire en sorte qu\u2019aucun si\u00e8ge ne soit pris par le Rassemblement National \u00e0 l\u2019issue du second tour.<\/span><\/p>\n<p align=\"justify\"><span style=\"font-family: Calibri, sans-serif;\">Nous remarquons \u00e9galement la forte abstention, abstention de r\u00e9signation et de col\u00e8re. Nous en appelons \u00e0 l\u2019organisation de cette col\u00e8re qui ne doit plus mener \u00e0 la r\u00e9signation mais bien \u00e0 l\u2019espoir.<\/span><\/p>\n<p align=\"justify\"><span style=\"font-family: Calibri, sans-serif;\">Nous nous f\u00e9licitons \u00e9galement des r\u00e9sultats nationaux. Les communistes qui ont su prouver leur utilit\u00e9 pour le monde du travail pourraient \u00e9largir consid\u00e9rablement leur groupe.<\/span><\/p>\n<p align=\"justify\"><span style=\"font-family: Calibri, sans-serif;\">La F\u00e9d\u00e9ration des Ardennes du PCF repart d\u00e8s aujourd\u2019hui au combat, pour faire vivre la d\u00e9mocratie qui ne doit pas se suffire d\u2019une \u00e9lection tous les 5 ans. La mobilisation est n\u00e9cessaire, le PCF permet cela. Rejoignez-nous ! <\/span><\/p>\n","protected":false},"excerpt":{"rendered":"<p>Nous tenons tout d\u2019abord \u00e0 remercier les milliers d\u2019\u00e9lecteurs qui ont fait le choix de voter pour la Nouvelle Union Populaire \u00c9cologique et Sociale dont le PCF \u00e9tait partie prenante, notamment dans les Ardennes. Les r\u00e9sultats r\u00e9alis\u00e9s montrent bien le souhait d\u2019une large partie de la population d\u2019un changement majeur de cap politique. Pour autant, [&hellip;]<\/p>\n","protected":false},"author":4,"featured_media":0,"comment_status":"closed","ping_status":"open","sticky":false,"template":"","format":"standard","meta":{"saved_in_kubio":false,"footnotes":""},"categories":[1],"tags":[],"class_list":["post-1775","post","type-post","status-publish","format-standard","hentry","category-non-classe"],"_links":{"self":[{"href":"https:\/\/pcf08.com\/index.php\/wp-json\/wp\/v2\/posts\/1775","targetHints":{"allow":["GET"]}}],"collection":[{"href":"https:\/\/pcf08.com\/index.php\/wp-json\/wp\/v2\/posts"}],"about":[{"href":"https:\/\/pcf08.com\/index.php\/wp-json\/wp\/v2\/types\/post"}],"author":[{"embeddable":true,"href":"https:\/\/pcf08.com\/index.php\/wp-json\/wp\/v2\/users\/4"}],"replies":[{"embeddable":true,"href":"https:\/\/pcf08.com\/index.php\/wp-json\/wp\/v2\/comments?post=1775"}],"version-history":[{"count":1,"href":"https:\/\/pcf08.com\/index.php\/wp-json\/wp\/v2\/posts\/1775\/revisions"}],"predecessor-version":[{"id":1776,"href":"https:\/\/pcf08.com\/index.php\/wp-json\/wp\/v2\/posts\/1775\/revisions\/1776"}],"wp:attachment":[{"href":"https:\/\/pcf08.com\/index.php\/wp-json\/wp\/v2\/media?parent=1775"}],"wp:term":[{"taxonomy":"category","embeddable":true,"href":"https:\/\/pcf08.com\/index.php\/wp-json\/wp\/v2\/categories?post=1775"},{"taxonomy":"post_tag","embeddable":true,"href":"https:\/\/pcf08.com\/index.php\/wp-json\/wp\/v2\/tags?post=1775"}],"curies":[{"name":"wp","href":"https:\/\/api.w.org\/{rel}","templated":true}]}}