{"id":1746,"date":"2022-06-02T16:55:15","date_gmt":"2022-06-02T14:55:15","guid":{"rendered":"http:\/\/pcf08.com\/?p=1746"},"modified":"2022-06-02T16:55:15","modified_gmt":"2022-06-02T14:55:15","slug":"lettre-de-fabien-roussel-a-la-nouvelle-premiere-ministre-extraits","status":"publish","type":"post","link":"https:\/\/pcf08.com\/index.php\/2022\/06\/02\/lettre-de-fabien-roussel-a-la-nouvelle-premiere-ministre-extraits\/","title":{"rendered":"Lettre de Fabien Roussel \u00e0 la nouvelle Premi\u00e8re ministre (extraits)"},"content":{"rendered":"<p align=\"justify\"><span style=\"font-family: Calibri, sans-serif;\"><span style=\"font-size: medium;\"><img loading=\"lazy\" decoding=\"async\" class=\"size-medium wp-image-1747 alignleft\" src=\"https:\/\/pcf08.com\/wp-content\/uploads\/2022\/06\/Affiche-CB-qui-brule-225x300.jpg\" alt=\"\" width=\"225\" height=\"300\" srcset=\"https:\/\/pcf08.com\/wp-content\/uploads\/2022\/06\/Affiche-CB-qui-brule-225x300.jpg 225w, https:\/\/pcf08.com\/wp-content\/uploads\/2022\/06\/Affiche-CB-qui-brule.jpg 477w\" sizes=\"(max-width: 225px) 100vw, 225px\" \/>(\u2026) Je souhaite vous alerter sur une question essentielle, qui appelle de votre part des d\u00e9cisions qui ne peuvent attendre encore des semaines, \u00e0 savoir le pouvoir d&rsquo;achat des Fran\u00e7ais.<\/span><\/span><\/p>\n<p align=\"justify\"><span style=\"font-size: medium;\"><span style=\"font-family: Calibri, sans-serif;\">Celui-ci est aujourd&rsquo;hui largement entam\u00e9 par l&rsquo;explosion des prix, ceux de l&rsquo;\u00e9nergie et des carburants, ceux de la plupart des produits de premi\u00e8re n\u00e9cessit\u00e9. <\/span><span style=\"font-family: Calibri, sans-serif;\">(&#8230;)<\/span><\/span><\/p>\n<p align=\"justify\"><span style=\"font-family: Calibri, sans-serif;\"><span style=\"font-size: medium;\">Or, jusqu&rsquo;\u00e0 pr\u00e9sent, les r\u00e9ponses apport\u00e9es par le pr\u00e9c\u00e9dent gouvernement se sont r\u00e9v\u00e9l\u00e9es insuffisantes, tant pour le montant des aides accord\u00e9es par l&rsquo;\u00c9tat que par le nombre de familles concern\u00e9es.<\/span><\/span><\/p>\n<p align=\"justify\"><span style=\"font-family: Calibri, sans-serif;\"><span style=\"font-size: medium;\">Les prix de l&rsquo;\u00e9nergie sont plafonn\u00e9s \u00e0 un niveau excessif, ceux des carburants flambent encore.<\/span><\/span><\/p>\n<p align=\"justify\"><span style=\"font-family: Calibri, sans-serif;\"><span style=\"font-size: medium;\">Les ch\u00e8ques attribu\u00e9s \u00e0 un nombre limit\u00e9 de m\u00e9nages rel\u00e8vent de l&rsquo;anecdotique au regard des co\u00fbts que doivent supporter les familles pour r\u00e9pondre aux besoins les plus \u00e9l\u00e9mentaires.<\/span><\/span><\/p>\n<p align=\"justify\"><span style=\"font-family: Calibri, sans-serif;\"><span style=\"font-size: medium;\">L&rsquo;envol\u00e9e des recours aux pr\u00eats sur gages traduit \u00e0 cet \u00e9gard une situation de d\u00e9tresse insupportable dans la sixi\u00e8me puissance \u00e9conomique mondiale.<\/span><\/span><\/p>\n<p align=\"justify\"><span style=\"font-family: Calibri, sans-serif;\"><span style=\"font-size: medium;\">J&rsquo;ajoute que les PME, d\u00e9j\u00e0 fragilis\u00e9es par la crise sanitaire, subissent \u00e9galement cette explosion des prix, ainsi que les collectivit\u00e9s territoriales dont les budgets sont sous tension, avec des cons\u00e9quences sur le niveau des services rendus aux populations.<\/span><\/span><\/p>\n<p align=\"justify\"><span style=\"font-family: Calibri, sans-serif;\"><span style=\"font-size: medium;\">Les annonces relatives \u00e0 la suppression de la redevance audiovisuelle, outre les menaces que cette mesure fait planer sur le service public de l&rsquo;audiovisuel, la trop faible revalorisation du SMIC, qui entretient l&rsquo;aust\u00e9rit\u00e9 salariale, et l&rsquo;absence d&rsquo;un v\u00e9ritable rattrapage sur le point d&rsquo;indice des fonctionnaires ne sont pas \u00e0 la hauteur des attentes de nos concitoyens.<\/span><\/span><\/p>\n<p align=\"justify\"><span style=\"font-family: Calibri, sans-serif;\"><span style=\"font-size: medium;\">Cette atteinte au pouvoir d\u2019achat est un frein au retour d&rsquo;une croissance saine, susceptible de cr\u00e9er et de s\u00e9curiser des emplois, d&rsquo;en finir avec les bas salaires et de renforcer nos ressources fiscales, pour financer des services publics de haut niveau.<\/span><\/span><\/p>\n<p align=\"justify\"><span style=\"font-family: Calibri, sans-serif;\"><span style=\"font-size: medium;\">Dans le m\u00eame temps, les grands groupes industriels et financiers affichent pour la plupart des r\u00e9sultats financiers historiques, tant pour leurs b\u00e9n\u00e9fices que pour les dividendes distribu\u00e9s.<\/span><\/span><\/p>\n<p align=\"justify\"><span style=\"font-family: Calibri, sans-serif;\"><span style=\"font-size: medium;\">C&rsquo;est \u00e0 cette contradiction que la politique gouvernementale devrait s&rsquo;attaquer avec deux objectifs imm\u00e9diats.<\/span><\/span><\/p>\n<p align=\"justify\"><span style=\"font-family: Calibri, sans-serif;\"><span style=\"font-size: medium;\">D&rsquo;abord augmenter massivement tous les salaires, dont le SMIC, les pensions de retraite et les minima sociaux.<\/span><\/span><\/p>\n<p align=\"justify\"><span style=\"font-family: Calibri, sans-serif;\"><span style=\"font-size: medium;\">Ensuite, agir sur tous les prix en baissant sensiblement la TVA sur l&rsquo;\u00e9nergie, les carburants et les produits alimentaires. Cette action suppose d&rsquo;une part de refonder la politique fiscale du pays, et d&rsquo;autre part, au plan international, de s&rsquo;attaquer enfin \u00e0 tous les m\u00e9canismes sp\u00e9culatifs, \u00e0 l&rsquo;image de ceux sur le cours des productions agricoles. C&rsquo;est une question de justice fiscale \u00e0 laquelle nos concitoyens sont particuli\u00e8rement attach\u00e9s en ces temps difficiles. (&#8230;)<\/span><\/span><\/p>\n<p align=\"justify\"><span style=\"font-size: medium;\"><span style=\"font-family: Calibri, sans-serif;\">Je tiens \u00e9galement \u00e0 vous exprimer mon opposition ferme au projet de r\u00e9forme des retraites <\/span><span style=\"font-family: Calibri, sans-serif;\">(&#8230;)<\/span><\/span><\/p>\n","protected":false},"excerpt":{"rendered":"<p>(\u2026) Je souhaite vous alerter sur une question essentielle, qui appelle de votre part des d\u00e9cisions qui ne peuvent attendre encore des semaines, \u00e0 savoir le pouvoir d&rsquo;achat des Fran\u00e7ais. Celui-ci est aujourd&rsquo;hui largement entam\u00e9 par l&rsquo;explosion des prix, ceux de l&rsquo;\u00e9nergie et des carburants, ceux de la plupart des produits de premi\u00e8re n\u00e9cessit\u00e9. (&#8230;) [&hellip;]<\/p>\n","protected":false},"author":4,"featured_media":0,"comment_status":"closed","ping_status":"open","sticky":false,"template":"","format":"standard","meta":{"saved_in_kubio":false,"footnotes":""},"categories":[1],"tags":[],"class_list":["post-1746","post","type-post","status-publish","format-standard","hentry","category-non-classe"],"_links":{"self":[{"href":"https:\/\/pcf08.com\/index.php\/wp-json\/wp\/v2\/posts\/1746","targetHints":{"allow":["GET"]}}],"collection":[{"href":"https:\/\/pcf08.com\/index.php\/wp-json\/wp\/v2\/posts"}],"about":[{"href":"https:\/\/pcf08.com\/index.php\/wp-json\/wp\/v2\/types\/post"}],"author":[{"embeddable":true,"href":"https:\/\/pcf08.com\/index.php\/wp-json\/wp\/v2\/users\/4"}],"replies":[{"embeddable":true,"href":"https:\/\/pcf08.com\/index.php\/wp-json\/wp\/v2\/comments?post=1746"}],"version-history":[{"count":1,"href":"https:\/\/pcf08.com\/index.php\/wp-json\/wp\/v2\/posts\/1746\/revisions"}],"predecessor-version":[{"id":1748,"href":"https:\/\/pcf08.com\/index.php\/wp-json\/wp\/v2\/posts\/1746\/revisions\/1748"}],"wp:attachment":[{"href":"https:\/\/pcf08.com\/index.php\/wp-json\/wp\/v2\/media?parent=1746"}],"wp:term":[{"taxonomy":"category","embeddable":true,"href":"https:\/\/pcf08.com\/index.php\/wp-json\/wp\/v2\/categories?post=1746"},{"taxonomy":"post_tag","embeddable":true,"href":"https:\/\/pcf08.com\/index.php\/wp-json\/wp\/v2\/tags?post=1746"}],"curies":[{"name":"wp","href":"https:\/\/api.w.org\/{rel}","templated":true}]}}