{"id":1743,"date":"2022-06-02T16:53:51","date_gmt":"2022-06-02T14:53:51","guid":{"rendered":"http:\/\/pcf08.com\/?p=1743"},"modified":"2022-06-02T16:53:51","modified_gmt":"2022-06-02T14:53:51","slug":"deces-de-notre-camarade","status":"publish","type":"post","link":"https:\/\/pcf08.com\/index.php\/2022\/06\/02\/deces-de-notre-camarade\/","title":{"rendered":"D\u00e9c\u00e8s de notre Camarade"},"content":{"rendered":"<p align=\"justify\"><span style=\"font-family: Calibri, sans-serif;\"><img loading=\"lazy\" decoding=\"async\" class=\"size-medium wp-image-1744 alignleft\" src=\"https:\/\/pcf08.com\/wp-content\/uploads\/2022\/06\/T.-Debaty-251x300.jpg\" alt=\"\" width=\"251\" height=\"300\" srcset=\"https:\/\/pcf08.com\/wp-content\/uploads\/2022\/06\/T.-Debaty-251x300.jpg 251w, https:\/\/pcf08.com\/wp-content\/uploads\/2022\/06\/T.-Debaty-768x919.jpg 768w, https:\/\/pcf08.com\/wp-content\/uploads\/2022\/06\/T.-Debaty.jpg 830w\" sizes=\"(max-width: 251px) 100vw, 251px\" \/>Nouvelles des Ardennes a la douleur de vous annoncer le d\u00e9c\u00e8s de notre camarade Thierry Debaty, \u00e0 68 ans. Nous garderons de lui sa joie de vivre, son sourire et son phras\u00e9 qui ont marqu\u00e9 des g\u00e9n\u00e9rations de communistes. Lui, l\u2019ouvrier de la pointe qui, tr\u00e8s jeune, se mit \u00e0 militer pour un monde meilleur. C\u2019est avec le c\u0153ur et la raison que son militantisme l\u2019a men\u00e9 \u00e0 prendre des responsabilit\u00e9s fortes au sein de notre F\u00e9d\u00e9ration, jusqu\u2019au Secr\u00e9tariat F\u00e9d\u00e9ral durant pr\u00e8s de vingt ans.<\/span><\/p>\n<p align=\"justify\"><span style=\"font-family: Calibri, sans-serif;\">Infatigable militant communiste, il \u00e9tait toujours membre du Conseil D\u00e9partemental de notre F\u00e9d\u00e9ration et s\u2019occupait admirablement de l\u2019activit\u00e9 des v\u00e9t\u00e9rans. Nous lui devons notamment en grande partie l\u2019impulsion et l\u2019organisation des \u00ab repas des v\u00e9t\u00e9rans \u00bb.<\/span><\/p>\n<p align=\"justify\"><span style=\"font-family: Calibri, sans-serif;\">Nouvelles des Ardennes pense tout particuli\u00e8rement \u00e0 sa femme, ses enfants et ses proches qu\u2019il aimait tant. Qu\u2019ils soient assur\u00e9s que l\u2019ensemble des communistes les accompagnent dans leur peine.<\/span><\/p>\n","protected":false},"excerpt":{"rendered":"<p>Nouvelles des Ardennes a la douleur de vous annoncer le d\u00e9c\u00e8s de notre camarade Thierry Debaty, \u00e0 68 ans. Nous garderons de lui sa joie de vivre, son sourire et son phras\u00e9 qui ont marqu\u00e9 des g\u00e9n\u00e9rations de communistes. Lui, l\u2019ouvrier de la pointe qui, tr\u00e8s jeune, se mit \u00e0 militer pour un monde meilleur. [&hellip;]<\/p>\n","protected":false},"author":4,"featured_media":0,"comment_status":"closed","ping_status":"open","sticky":false,"template":"","format":"standard","meta":{"saved_in_kubio":false,"footnotes":""},"categories":[1],"tags":[],"class_list":["post-1743","post","type-post","status-publish","format-standard","hentry","category-non-classe"],"_links":{"self":[{"href":"https:\/\/pcf08.com\/index.php\/wp-json\/wp\/v2\/posts\/1743","targetHints":{"allow":["GET"]}}],"collection":[{"href":"https:\/\/pcf08.com\/index.php\/wp-json\/wp\/v2\/posts"}],"about":[{"href":"https:\/\/pcf08.com\/index.php\/wp-json\/wp\/v2\/types\/post"}],"author":[{"embeddable":true,"href":"https:\/\/pcf08.com\/index.php\/wp-json\/wp\/v2\/users\/4"}],"replies":[{"embeddable":true,"href":"https:\/\/pcf08.com\/index.php\/wp-json\/wp\/v2\/comments?post=1743"}],"version-history":[{"count":1,"href":"https:\/\/pcf08.com\/index.php\/wp-json\/wp\/v2\/posts\/1743\/revisions"}],"predecessor-version":[{"id":1745,"href":"https:\/\/pcf08.com\/index.php\/wp-json\/wp\/v2\/posts\/1743\/revisions\/1745"}],"wp:attachment":[{"href":"https:\/\/pcf08.com\/index.php\/wp-json\/wp\/v2\/media?parent=1743"}],"wp:term":[{"taxonomy":"category","embeddable":true,"href":"https:\/\/pcf08.com\/index.php\/wp-json\/wp\/v2\/categories?post=1743"},{"taxonomy":"post_tag","embeddable":true,"href":"https:\/\/pcf08.com\/index.php\/wp-json\/wp\/v2\/tags?post=1743"}],"curies":[{"name":"wp","href":"https:\/\/api.w.org\/{rel}","templated":true}]}}