{"id":1741,"date":"2022-06-02T16:52:39","date_gmt":"2022-06-02T14:52:39","guid":{"rendered":"http:\/\/pcf08.com\/?p=1741"},"modified":"2022-06-02T16:52:39","modified_gmt":"2022-06-02T14:52:39","slug":"macron-encore-ignorant-de-la-situation-des-hopitaux","status":"publish","type":"post","link":"https:\/\/pcf08.com\/index.php\/2022\/06\/02\/macron-encore-ignorant-de-la-situation-des-hopitaux\/","title":{"rendered":"Macron encore ignorant de la situation des h\u00f4pitaux\u00a0?"},"content":{"rendered":"<p align=\"justify\"><span style=\"font-family: Calibri, sans-serif;\"><span style=\"font-size: medium;\">L\u2019h\u00f4pital br\u00fble et le Pr\u00e9sident Macron est all\u00e9 \u00e0 Cherbourg annoncer une mission d\u2019information sur les urgences hospitali\u00e8res\u00a0!<\/span><\/span><\/p>\n<p align=\"justify\"><span style=\"font-family: Calibri, sans-serif;\"><span style=\"font-size: medium;\">Un premier quinquennat ne lui a donc rien appris\u00a0! Pourtant la crise de l\u2019h\u00f4pital public, en particulier des urgences, avec plus de 120 services en France actuellement ferm\u00e9s ou \u00e0 fonctionnement intermittent, ne date pas d\u2019aujourd\u2019hui\u00a0! Elle est la r\u00e9sultante des politiques des gouvernements ant\u00e9rieurs, confirm\u00e9es et aggrav\u00e9es depuis 2017\u00a0! La gr\u00e8ve des services d\u2019urgences pendant l\u2019\u00e9t\u00e9 2019 (avant la COVID) avait \u00e9t\u00e9 un s\u00e9rieux avertissement\u00a0et les mobilisations de l\u2019automne 2019, comme le plan d\u2019urgence pour les h\u00f4pitaux pr\u00e9sent\u00e9 par le PCF, r\u00e9clamaient d\u00e9j\u00e0 la cr\u00e9ation de 100 000 emplois ! Cela fait trois ans, la dur\u00e9e des \u00e9tudes d\u2019infirmi\u00e8res\u00a0! <\/span><\/span><\/p>\n<p align=\"justify\"><span style=\"font-family: Calibri, sans-serif;\"><span style=\"font-size: medium;\">M\u00eame le MEDEF s\u2019en m\u00eale avec des propositions comme la r\u00e9duction des dur\u00e9es d\u2019\u00e9tudes, au m\u00e9pris de la qualit\u00e9 des soins et le d\u00e9veloppement de l\u2019apprentissage, sans objet pour des formations o\u00f9 le compagnonnage est d\u00e9j\u00e0 instaur\u00e9 de longue date, mais qui donnerait une main d\u2019\u0153uvre bon march\u00e9 aux ORPEA et autres groupes domin\u00e9s par la finance\u00a0!<\/span><\/span><\/p>\n<p align=\"justify\"><span style=\"font-family: Calibri, sans-serif;\"><span style=\"font-size: medium;\">L\u2019heure n\u2019est plus \u00e0 une mission d\u2019information, de m\u00eame qu\u2019il ne suffit pas de changer de ministre pour changer de politique\u00a0! Brigitte Bourguignon est la nouvelle ministre, charg\u00e9e exclusivement de la sant\u00e9 et de la pr\u00e9vention, un pantin impuissant avec les cordons de la bourse, le contr\u00f4le de la S\u00e9curit\u00e9 Sociale, \u00e0 Bercy\u00a0dans les mains des \u00e9missaires des march\u00e9s financiers !<\/span><\/span><\/p>\n<p align=\"justify\"><span id=\"Cadre5\" dir=\"ltr\"><\/span><span style=\"font-family: Calibri, sans-serif;\"><span style=\"font-size: medium;\">C\u2019est la sant\u00e9 de la population qui est en jeu\u00a0! Cela n\u00e9cessite plus qu\u2019un changement de ministre\u00a0ou une mission d\u2019information. C\u2019est un basculement politique qui est indispensable. Il faut donner aux h\u00f4pitaux les moyens financiers n\u00e9cessaires pour r\u00e9pondre aux besoins des populations, pour redonner espoir au personnel en des jours heureux et arr\u00eater l\u2019h\u00e9morragie des soignants. Des revalorisations salariales sont n\u00e9cessaires. Ce n\u2019est pas parce que ce sont des m\u00e9tiers o\u00f9 les femmes sont majoritaires que les salaires doivent \u00eatre plus faibles qu\u2019ailleurs \u00e0 dur\u00e9e d\u2019\u00e9tude \u00e9quivalente. Il faut un v\u00e9ritable plan de formation de soignants en leur assurant un salaire pendant leur formation et un changement dans la gestion des h\u00f4pitaux, la tournant vers l\u2019int\u00e9r\u00eat g\u00e9n\u00e9ral et non la rentabilit\u00e9.<\/span><\/span><\/p>\n<p align=\"justify\"><span style=\"font-family: Calibri, sans-serif;\"><span style=\"font-size: medium;\">Ce n\u2019est pas une mission d\u2019information qu\u2019il faut mais le vote en urgence d\u2019un collectif budg\u00e9taire par la nouvelle assembl\u00e9e nationale. Pour l\u2019h\u00f4pital, pour la sant\u00e9, c\u2019est le vote pour les candidats de la NUPES qui s\u2019impose les 12 et 19 juin.<\/span><\/span><\/p>\n","protected":false},"excerpt":{"rendered":"<p>L\u2019h\u00f4pital br\u00fble et le Pr\u00e9sident Macron est all\u00e9 \u00e0 Cherbourg annoncer une mission d\u2019information sur les urgences hospitali\u00e8res\u00a0! Un premier quinquennat ne lui a donc rien appris\u00a0! Pourtant la crise de l\u2019h\u00f4pital public, en particulier des urgences, avec plus de 120 services en France actuellement ferm\u00e9s ou \u00e0 fonctionnement intermittent, ne date pas d\u2019aujourd\u2019hui\u00a0! Elle [&hellip;]<\/p>\n","protected":false},"author":4,"featured_media":0,"comment_status":"closed","ping_status":"open","sticky":false,"template":"","format":"standard","meta":{"saved_in_kubio":false,"footnotes":""},"categories":[1],"tags":[],"class_list":["post-1741","post","type-post","status-publish","format-standard","hentry","category-non-classe"],"_links":{"self":[{"href":"https:\/\/pcf08.com\/index.php\/wp-json\/wp\/v2\/posts\/1741","targetHints":{"allow":["GET"]}}],"collection":[{"href":"https:\/\/pcf08.com\/index.php\/wp-json\/wp\/v2\/posts"}],"about":[{"href":"https:\/\/pcf08.com\/index.php\/wp-json\/wp\/v2\/types\/post"}],"author":[{"embeddable":true,"href":"https:\/\/pcf08.com\/index.php\/wp-json\/wp\/v2\/users\/4"}],"replies":[{"embeddable":true,"href":"https:\/\/pcf08.com\/index.php\/wp-json\/wp\/v2\/comments?post=1741"}],"version-history":[{"count":1,"href":"https:\/\/pcf08.com\/index.php\/wp-json\/wp\/v2\/posts\/1741\/revisions"}],"predecessor-version":[{"id":1742,"href":"https:\/\/pcf08.com\/index.php\/wp-json\/wp\/v2\/posts\/1741\/revisions\/1742"}],"wp:attachment":[{"href":"https:\/\/pcf08.com\/index.php\/wp-json\/wp\/v2\/media?parent=1741"}],"wp:term":[{"taxonomy":"category","embeddable":true,"href":"https:\/\/pcf08.com\/index.php\/wp-json\/wp\/v2\/categories?post=1741"},{"taxonomy":"post_tag","embeddable":true,"href":"https:\/\/pcf08.com\/index.php\/wp-json\/wp\/v2\/tags?post=1741"}],"curies":[{"name":"wp","href":"https:\/\/api.w.org\/{rel}","templated":true}]}}