{"id":1737,"date":"2022-05-27T11:09:12","date_gmt":"2022-05-27T09:09:12","guid":{"rendered":"http:\/\/pcf08.com\/?p=1737"},"modified":"2022-05-27T11:09:12","modified_gmt":"2022-05-27T09:09:12","slug":"lespoir-au-present","status":"publish","type":"post","link":"https:\/\/pcf08.com\/index.php\/2022\/05\/27\/lespoir-au-present\/","title":{"rendered":"L\u2019ESPOIR AU PRESENT\u00a0!"},"content":{"rendered":"<p align=\"justify\"><span style=\"font-family: Calibri, sans-serif;\"><img loading=\"lazy\" decoding=\"async\" class=\"size-medium wp-image-1738 alignright\" src=\"https:\/\/pcf08.com\/wp-content\/uploads\/2022\/05\/affiche-nupes-212x300.jpg\" alt=\"\" width=\"212\" height=\"300\" srcset=\"https:\/\/pcf08.com\/wp-content\/uploads\/2022\/05\/affiche-nupes-212x300.jpg 212w, https:\/\/pcf08.com\/wp-content\/uploads\/2022\/05\/affiche-nupes.jpg 723w\" sizes=\"(max-width: 212px) 100vw, 212px\" \/>Alors qu\u2019Emmanuel Macron vient de nommer \u00c9lisabeth Borne au poste de Premier ministre, l\u2019heure est plus que jamais \u00e0 r\u00e9sister \u00e0 la politique du pouvoir et \u00e0 continuer d\u2019agir pour les Jours heureux dans le prolongement de l\u2019\u00e9lection pr\u00e9sidentielle et de notre campagne avec Fabien Roussel.<\/span><\/p>\n<p align=\"justify\"><span style=\"font-family: Calibri, sans-serif;\"><span style=\"font-size: medium;\">Les \u00e9lections l\u00e9gislatives seront d\u00e9cisives pour emp\u00eacher le Pr\u00e9sident de la R\u00e9publique de s\u2019appuyer sur l\u2019Assembl\u00e9e pour voter ses r\u00e9formes de r\u00e9gression sociale, tel le report de l\u2019\u00e2ge de la retraite \u00e0 65 ans, et pour faire reculer le Rassemblement national.<\/span><\/span><\/p>\n<p align=\"justify\"><span style=\"font-family: Calibri, sans-serif;\"><span style=\"font-size: medium;\">Surtout, en faisant le choix du rassemblement des forces de gauche et \u00e9cologiques avec la Nouvelle union populaire \u00e9cologique et sociale (NUPES), nous nous sommes donn\u00e9 les meilleures chances de faire \u00e9lire de nombreux d\u00e9put\u00e9s de gauche \u00e0 l\u2019Assembl\u00e9e, et parmi eux davantage de d\u00e9put\u00e9s communistes et, nous l\u2019esp\u00e9rons, conqu\u00e9rir une majorit\u00e9 pour obtenir de grandes avanc\u00e9es.<\/span><\/span><\/p>\n<p align=\"justify\"><span style=\"font-family: Calibri, sans-serif;\"><span style=\"font-size: medium;\">Dans notre d\u00e9partement, Esteban EVRARD est candidat suppl\u00e9ant dans la premi\u00e8re circonscription.<\/span><\/span><\/p>\n","protected":false},"excerpt":{"rendered":"<p>Alors qu\u2019Emmanuel Macron vient de nommer \u00c9lisabeth Borne au poste de Premier ministre, l\u2019heure est plus que jamais \u00e0 r\u00e9sister \u00e0 la politique du pouvoir et \u00e0 continuer d\u2019agir pour les Jours heureux dans le prolongement de l\u2019\u00e9lection pr\u00e9sidentielle et de notre campagne avec Fabien Roussel. Les \u00e9lections l\u00e9gislatives seront d\u00e9cisives pour emp\u00eacher le Pr\u00e9sident [&hellip;]<\/p>\n","protected":false},"author":4,"featured_media":0,"comment_status":"closed","ping_status":"open","sticky":false,"template":"","format":"standard","meta":{"saved_in_kubio":false,"footnotes":""},"categories":[1],"tags":[],"class_list":["post-1737","post","type-post","status-publish","format-standard","hentry","category-non-classe"],"_links":{"self":[{"href":"https:\/\/pcf08.com\/index.php\/wp-json\/wp\/v2\/posts\/1737","targetHints":{"allow":["GET"]}}],"collection":[{"href":"https:\/\/pcf08.com\/index.php\/wp-json\/wp\/v2\/posts"}],"about":[{"href":"https:\/\/pcf08.com\/index.php\/wp-json\/wp\/v2\/types\/post"}],"author":[{"embeddable":true,"href":"https:\/\/pcf08.com\/index.php\/wp-json\/wp\/v2\/users\/4"}],"replies":[{"embeddable":true,"href":"https:\/\/pcf08.com\/index.php\/wp-json\/wp\/v2\/comments?post=1737"}],"version-history":[{"count":1,"href":"https:\/\/pcf08.com\/index.php\/wp-json\/wp\/v2\/posts\/1737\/revisions"}],"predecessor-version":[{"id":1739,"href":"https:\/\/pcf08.com\/index.php\/wp-json\/wp\/v2\/posts\/1737\/revisions\/1739"}],"wp:attachment":[{"href":"https:\/\/pcf08.com\/index.php\/wp-json\/wp\/v2\/media?parent=1737"}],"wp:term":[{"taxonomy":"category","embeddable":true,"href":"https:\/\/pcf08.com\/index.php\/wp-json\/wp\/v2\/categories?post=1737"},{"taxonomy":"post_tag","embeddable":true,"href":"https:\/\/pcf08.com\/index.php\/wp-json\/wp\/v2\/tags?post=1737"}],"curies":[{"name":"wp","href":"https:\/\/api.w.org\/{rel}","templated":true}]}}