{"id":1734,"date":"2022-05-27T11:07:54","date_gmt":"2022-05-27T09:07:54","guid":{"rendered":"http:\/\/pcf08.com\/?p=1734"},"modified":"2022-05-27T11:07:54","modified_gmt":"2022-05-27T09:07:54","slug":"victoire-historique-du-sinn-fein-en-irlande-du-nord","status":"publish","type":"post","link":"https:\/\/pcf08.com\/index.php\/2022\/05\/27\/victoire-historique-du-sinn-fein-en-irlande-du-nord\/","title":{"rendered":"VICTOIRE HISTORIQUE DU SINN FEIN EN IRLANDE DU NORD"},"content":{"rendered":"<p align=\"justify\"><span style=\"font-family: Calibri, sans-serif;\"><span style=\"font-size: medium;\"><img loading=\"lazy\" decoding=\"async\" class=\"size-full wp-image-1735 alignleft\" src=\"https:\/\/pcf08.com\/wp-content\/uploads\/2022\/05\/irlande.jpg\" alt=\"\" width=\"225\" height=\"225\" \/>Pour la premi\u00e8re fois, le 5\u00a0mai dernier, le Sinn Fein a remport\u00e9 la majorit\u00e9 des si\u00e8ges \u00e0 l\u2019assembl\u00e9e d\u2019Irlande du Nord. C\u2019est une victoire historique pour les r\u00e9publicains qui luttent pour la r\u00e9unification irlandaise au sein d\u2019une R\u00e9publique du progr\u00e8s social et de la paix. C\u2019est un v\u00e9ritable pas en avant historique, tant concret que symbolique. Depuis la fin de la guerre d\u2019ind\u00e9pendance en 1921, loyalistes et autres conservateurs sortaient en t\u00eate des urnes. Cette victoire sonne comme la promesse d\u2019avanc\u00e9es politiques majeures pour le peuple irlandais bien que le chemin paraisse encore long.\u00a0<\/span><\/span><\/p>\n<p align=\"justify\"><span style=\"font-family: Calibri, sans-serif;\"><span style=\"font-size: medium;\">Revenons en arri\u00e8re. La colonisation anglaise au pr\u00e9texte religieux depuis le XIVe\u00a0si\u00e8cle \u2014 tout ce qu\u2019elle porte de barbarie et de brutalit\u00e9 \u2014 puis la famine au XIXe\u00a0si\u00e8cle. Une famine o\u00f9 1\u00a0million d\u2019Irlandais ont trouv\u00e9 la mort et o\u00f9 un autre million s\u2019est exil\u00e9. L\u2019Angleterre pourtant tr\u00e8s riche ne faisant rien pour aider le peuple irlandais, celui-ci s\u2019organise pour porter le combat politique de l\u2019ind\u00e9pendance.\u00a0<\/span><\/span><\/p>\n<p align=\"justify\"><span style=\"font-family: Calibri, sans-serif;\"><span style=\"font-size: medium;\">De nombreuses organisations naissent, tant\u00f4t profond\u00e9ment catholiques, tant\u00f4t la\u00efques, tant\u00f4t socialistes, tant\u00f4t mod\u00e9r\u00e9es, mais un point commun persiste\u00a0: la lutte contre la couronne anglaise, pour la reconnaissance de la Nation irlandaise et pour la R\u00e9publique. C\u2019est ainsi que na\u00eet le Sinn Fein en 1905 (disons le \u00ab\u2009premier Sinn Fein\u2009\u00bb). C\u2019est une longue histoire que celle de cette organisation qui d\u00e8s sa fondation est compos\u00e9e de r\u00e9publicains radicaux et d\u2019autres bien plus mod\u00e9r\u00e9s. En 1916, les r\u00e9publicains irlandais les plus organis\u00e9s profitent de l\u2019implication de l\u2019Angleterre dans la Premi\u00e8re Guerre mondiale pour lancer la lutte arm\u00e9e. L\u2019arm\u00e9e britannique fait 450\u00a0morts en bombardant Dublin pour stopper les ambitions progressistes des nationalistes irlandais. En 1921, c\u2019est la naissance de l\u2019\u00c9tat-nation irlandais avec le trait\u00e9 de paix\u2009; la nation irlandaise est s\u00e9par\u00e9e en deux : c\u2019est la constitution de l\u2019Irlande du Nord comme \u00ab\u2009Nation du Royaume-Uni\u2009\u00bb.<br \/>\nLa sp\u00e9cificit\u00e9 du Sinn Fein r\u00e9side dans son ancrage au sein de l\u2019ensemble du peuple irlandais, tant au nord qu\u2019au \u00ab\u2009sud\u2009\u00bb. Pour autant, il n\u2019avait jamais remport\u00e9 une majorit\u00e9 en Irlande du Nord, malgr\u00e9 les grandes luttes men\u00e9es par de nombreuses organisations r\u00e9publicaines.\u00a0<\/span><\/span><\/p>\n<p align=\"justify\"><span style=\"font-family: Calibri, sans-serif;\"><span style=\"font-size: medium;\">Il est donc \u00e0 voir d\u2019un bon \u0153il le r\u00e9sultat du Sinn Fein en Irlande du Nord, un r\u00e9sultat historique tant il est symbolique au vu du pass\u00e9 et pour l\u2019avenir des Irlandais.<\/span><\/span><\/p>\n<p align=\"right\"><span style=\"font-size: medium;\"><b>Esteban EVRARD<\/b> <\/span><\/p>\n","protected":false},"excerpt":{"rendered":"<p>Pour la premi\u00e8re fois, le 5\u00a0mai dernier, le Sinn Fein a remport\u00e9 la majorit\u00e9 des si\u00e8ges \u00e0 l\u2019assembl\u00e9e d\u2019Irlande du Nord. C\u2019est une victoire historique pour les r\u00e9publicains qui luttent pour la r\u00e9unification irlandaise au sein d\u2019une R\u00e9publique du progr\u00e8s social et de la paix. C\u2019est un v\u00e9ritable pas en avant historique, tant concret que [&hellip;]<\/p>\n","protected":false},"author":4,"featured_media":0,"comment_status":"closed","ping_status":"open","sticky":false,"template":"","format":"standard","meta":{"saved_in_kubio":false,"footnotes":""},"categories":[1],"tags":[],"class_list":["post-1734","post","type-post","status-publish","format-standard","hentry","category-non-classe"],"_links":{"self":[{"href":"https:\/\/pcf08.com\/index.php\/wp-json\/wp\/v2\/posts\/1734","targetHints":{"allow":["GET"]}}],"collection":[{"href":"https:\/\/pcf08.com\/index.php\/wp-json\/wp\/v2\/posts"}],"about":[{"href":"https:\/\/pcf08.com\/index.php\/wp-json\/wp\/v2\/types\/post"}],"author":[{"embeddable":true,"href":"https:\/\/pcf08.com\/index.php\/wp-json\/wp\/v2\/users\/4"}],"replies":[{"embeddable":true,"href":"https:\/\/pcf08.com\/index.php\/wp-json\/wp\/v2\/comments?post=1734"}],"version-history":[{"count":1,"href":"https:\/\/pcf08.com\/index.php\/wp-json\/wp\/v2\/posts\/1734\/revisions"}],"predecessor-version":[{"id":1736,"href":"https:\/\/pcf08.com\/index.php\/wp-json\/wp\/v2\/posts\/1734\/revisions\/1736"}],"wp:attachment":[{"href":"https:\/\/pcf08.com\/index.php\/wp-json\/wp\/v2\/media?parent=1734"}],"wp:term":[{"taxonomy":"category","embeddable":true,"href":"https:\/\/pcf08.com\/index.php\/wp-json\/wp\/v2\/categories?post=1734"},{"taxonomy":"post_tag","embeddable":true,"href":"https:\/\/pcf08.com\/index.php\/wp-json\/wp\/v2\/tags?post=1734"}],"curies":[{"name":"wp","href":"https:\/\/api.w.org\/{rel}","templated":true}]}}