{"id":1720,"date":"2022-05-19T11:08:04","date_gmt":"2022-05-19T09:08:04","guid":{"rendered":"http:\/\/pcf08.com\/?p=1720"},"modified":"2022-05-19T11:08:04","modified_gmt":"2022-05-19T09:08:04","slug":"les-crs-reviendront-regulierement","status":"publish","type":"post","link":"https:\/\/pcf08.com\/index.php\/2022\/05\/19\/les-crs-reviendront-regulierement\/","title":{"rendered":"\u00ab Les CRS reviendront r\u00e9guli\u00e8rement \u00bb"},"content":{"rendered":"<p align=\"justify\"><span style=\"color: #000000;\"><span style=\"font-family: Calibri, sans-serif;\"><span style=\"font-size: medium;\">Le week-end dernier une demi-compagnie de CRS a une nouvelle fois investi les quartiers de la Ronde-couture et de Manchester. Une habitude \u00e0 prendre selon Boris Ravignon qui r\u00eavait depuis longtemps de cette \u00ab pr\u00e9sence ponctuelle \u00bb.<\/span><\/span><\/span><\/p>\n<p align=\"justify\"><span style=\"color: #000000;\"><span style=\"font-family: Calibri, sans-serif;\"><span style=\"font-size: medium;\">Sortons de tout manich\u00e9isme et allons \u00e0 l\u2019efficace : existe-t-il des bandes organis\u00e9es ? Oui c\u2019est certain. Faut-il lutter contre les trafics en tout genre, contre le climat de peur qu\u2019instaurent ces individus \u00e0 l\u2019encontre des locataires notamment ? \u00c9videmment. Or ce n\u2019est pas par cette \u00ab pr\u00e9sence ponctuelle \u00bb que les choses se r\u00e9gleront, le probl\u00e8me est bien plus profond. Les CRS sont arriv\u00e9s, puis ils sont repartis et rien n\u2019a chang\u00e9. Pour l\u2019adjoint \u00e0 la s\u00e9curit\u00e9, il s\u2019agit de \u00ab montrer que l\u2019\u00c9tat reste le ma\u00eetre dans les quartiers. \u00bb. Oui monsieur Clarin, la R\u00e9publique doit r\u00e9investir pleinement ces quartiers, et cela passera essentiellement par trois choses : une police nationale de proximit\u00e9, des services publics forts et une r\u00e9elle s\u00e9curit\u00e9 d\u2019emploi et de formation permettant \u00e0 chacun de vivre dignement de son travail et d\u2019en finir avec les vies en pointill\u00e9s. Vous nous l\u2019avez montr\u00e9, il est parfaitement possible d\u2019intervenir aupr\u00e8s des repr\u00e9sentants de l\u2019\u00c9tat pour l\u2019envoi de CRS, il est donc \u00e9galement possible de peser sur celui-ci pour obtenir une antenne de quartier du commissariat, pour rouvrir une poste \u00e0 Manchester par exemple.<\/span><\/span><\/span><\/p>\n<p align=\"justify\"><span style=\"color: #000000;\"><span style=\"font-family: Calibri, sans-serif;\"><span style=\"font-size: medium;\">L\u2019ann\u00e9e pass\u00e9e, dans le premier canton de Charleville-M\u00e9zi\u00e8res, nous avions d\u00e9j\u00e0 r\u00e9agi \u00e0 ces envois de CRS par un mot d\u2019ordre fort : \u00ab De la r\u00e9pression, mais aussi de social \u00bb. N\u2019opposons pas les deux. <\/span><\/span><\/span><\/p>\n<p align=\"right\"><span style=\"color: #000000;\"><span style=\"font-family: Calibri, sans-serif;\"><span style=\"font-size: medium;\">Esteban EVRARD<\/span><\/span><\/span><\/p>\n","protected":false},"excerpt":{"rendered":"<p>Le week-end dernier une demi-compagnie de CRS a une nouvelle fois investi les quartiers de la Ronde-couture et de Manchester. Une habitude \u00e0 prendre selon Boris Ravignon qui r\u00eavait depuis longtemps de cette \u00ab pr\u00e9sence ponctuelle \u00bb. Sortons de tout manich\u00e9isme et allons \u00e0 l\u2019efficace : existe-t-il des bandes organis\u00e9es ? Oui c\u2019est certain. Faut-il [&hellip;]<\/p>\n","protected":false},"author":4,"featured_media":0,"comment_status":"closed","ping_status":"open","sticky":false,"template":"","format":"standard","meta":{"saved_in_kubio":false,"footnotes":""},"categories":[1],"tags":[],"class_list":["post-1720","post","type-post","status-publish","format-standard","hentry","category-non-classe"],"_links":{"self":[{"href":"https:\/\/pcf08.com\/index.php\/wp-json\/wp\/v2\/posts\/1720","targetHints":{"allow":["GET"]}}],"collection":[{"href":"https:\/\/pcf08.com\/index.php\/wp-json\/wp\/v2\/posts"}],"about":[{"href":"https:\/\/pcf08.com\/index.php\/wp-json\/wp\/v2\/types\/post"}],"author":[{"embeddable":true,"href":"https:\/\/pcf08.com\/index.php\/wp-json\/wp\/v2\/users\/4"}],"replies":[{"embeddable":true,"href":"https:\/\/pcf08.com\/index.php\/wp-json\/wp\/v2\/comments?post=1720"}],"version-history":[{"count":1,"href":"https:\/\/pcf08.com\/index.php\/wp-json\/wp\/v2\/posts\/1720\/revisions"}],"predecessor-version":[{"id":1721,"href":"https:\/\/pcf08.com\/index.php\/wp-json\/wp\/v2\/posts\/1720\/revisions\/1721"}],"wp:attachment":[{"href":"https:\/\/pcf08.com\/index.php\/wp-json\/wp\/v2\/media?parent=1720"}],"wp:term":[{"taxonomy":"category","embeddable":true,"href":"https:\/\/pcf08.com\/index.php\/wp-json\/wp\/v2\/categories?post=1720"},{"taxonomy":"post_tag","embeddable":true,"href":"https:\/\/pcf08.com\/index.php\/wp-json\/wp\/v2\/tags?post=1720"}],"curies":[{"name":"wp","href":"https:\/\/api.w.org\/{rel}","templated":true}]}}