{"id":172,"date":"2020-02-15T17:32:59","date_gmt":"2020-02-15T16:32:59","guid":{"rendered":"http:\/\/pcf08.com\/?p=172"},"modified":"2020-02-15T17:32:59","modified_gmt":"2020-02-15T16:32:59","slug":"le-mepris-de-letat-francais-pour-les-habitants-de-la-pointe","status":"publish","type":"post","link":"https:\/\/pcf08.com\/index.php\/2020\/02\/15\/le-mepris-de-letat-francais-pour-les-habitants-de-la-pointe\/","title":{"rendered":"Le m\u00e9pris de l&rsquo;Etat fran\u00e7ais pour les habitants de la Pointe !"},"content":{"rendered":"<p class=\"western\" align=\"justify\"><span style=\"font-family: Times New Roman, serif;\">Les malades du nord du d\u00e9partement n&rsquo;ont pas choisi de se faire soigner en Belgique : c&rsquo;est la seule solution de proximit\u00e9 pour eux.<\/span><\/p>\n<p align=\"justify\"><span style=\"font-family: Liberation Serif, serif;\"><span style=\"font-size: medium;\"><span style=\"font-family: Times New Roman, serif;\"> Apr\u00e8s avoir permis cette coop\u00e9ration transfrontali\u00e8re \u00e0 la suite de la fermeture de la maternit\u00e9 de Revin en 2001 \u00ab\u00a0pour calmer les esprits\u00a0\u00bb les habitants de Givet et des environs sont progressivement abandonn\u00e9s.<\/span><\/span><\/span><\/p>\n<p align=\"justify\"><span style=\"font-family: Liberation Serif, serif;\"><span style=\"font-size: medium;\"><span style=\"font-family: Times New Roman, serif;\"> Derni\u00e8re en date : des malades transf\u00e9r\u00e9s en urgence de Dinant vers d\u2019autres h\u00f4pitaux belges re\u00e7oivent la facture des transports, non pris en charge <\/span><\/span><\/span><span style=\"font-family: Times New Roman, serif;\"><span style=\"font-size: medium;\">par la s\u00e9curit\u00e9 sociale ni par leur mutuelle.<\/span><\/span><\/p>\n<p align=\"justify\"><span style=\"font-family: Liberation Serif, serif;\"><span style=\"font-size: medium;\"><span style=\"font-family: Times New Roman, serif;\"> Heureusement que l&rsquo;ASMUP est l\u00e0 et merci \u00e0 elle et \u00e0 sa pr\u00e9sidente pour exiger l&rsquo;acc\u00e8s aux soins de toutes et de tous \u00e0 Givet comme partout en France !<\/span><\/span><\/span><\/p>\n<p class=\"western\">\n","protected":false},"excerpt":{"rendered":"<p>Les malades du nord du d\u00e9partement n&rsquo;ont pas choisi de se faire soigner en Belgique : c&rsquo;est la seule solution de proximit\u00e9 pour eux. Apr\u00e8s avoir permis cette coop\u00e9ration transfrontali\u00e8re \u00e0 la suite de la fermeture de la maternit\u00e9 de Revin en 2001 \u00ab\u00a0pour calmer les esprits\u00a0\u00bb les habitants de Givet et des environs sont [&hellip;]<\/p>\n","protected":false},"author":1,"featured_media":0,"comment_status":"closed","ping_status":"open","sticky":false,"template":"","format":"standard","meta":{"saved_in_kubio":false,"footnotes":""},"categories":[1],"tags":[],"class_list":["post-172","post","type-post","status-publish","format-standard","hentry","category-non-classe"],"_links":{"self":[{"href":"https:\/\/pcf08.com\/index.php\/wp-json\/wp\/v2\/posts\/172","targetHints":{"allow":["GET"]}}],"collection":[{"href":"https:\/\/pcf08.com\/index.php\/wp-json\/wp\/v2\/posts"}],"about":[{"href":"https:\/\/pcf08.com\/index.php\/wp-json\/wp\/v2\/types\/post"}],"author":[{"embeddable":true,"href":"https:\/\/pcf08.com\/index.php\/wp-json\/wp\/v2\/users\/1"}],"replies":[{"embeddable":true,"href":"https:\/\/pcf08.com\/index.php\/wp-json\/wp\/v2\/comments?post=172"}],"version-history":[{"count":1,"href":"https:\/\/pcf08.com\/index.php\/wp-json\/wp\/v2\/posts\/172\/revisions"}],"predecessor-version":[{"id":173,"href":"https:\/\/pcf08.com\/index.php\/wp-json\/wp\/v2\/posts\/172\/revisions\/173"}],"wp:attachment":[{"href":"https:\/\/pcf08.com\/index.php\/wp-json\/wp\/v2\/media?parent=172"}],"wp:term":[{"taxonomy":"category","embeddable":true,"href":"https:\/\/pcf08.com\/index.php\/wp-json\/wp\/v2\/categories?post=172"},{"taxonomy":"post_tag","embeddable":true,"href":"https:\/\/pcf08.com\/index.php\/wp-json\/wp\/v2\/tags?post=172"}],"curies":[{"name":"wp","href":"https:\/\/api.w.org\/{rel}","templated":true}]}}