{"id":1683,"date":"2022-04-28T13:42:28","date_gmt":"2022-04-28T11:42:28","guid":{"rendered":"http:\/\/pcf08.com\/?p=1683"},"modified":"2022-04-28T13:42:28","modified_gmt":"2022-04-28T11:42:28","slug":"palestine-la-paix-et-le-droit-international-bafoue","status":"publish","type":"post","link":"https:\/\/pcf08.com\/index.php\/2022\/04\/28\/palestine-la-paix-et-le-droit-international-bafoue\/","title":{"rendered":"Palestine : La paix et le droit international bafou\u00e9"},"content":{"rendered":"<p align=\"justify\"><span style=\"font-family: Calibri, sans-serif;\"><span style=\"font-size: medium;\"><img loading=\"lazy\" decoding=\"async\" class=\"size-medium wp-image-1684 alignright\" src=\"https:\/\/pcf08.com\/wp-content\/uploads\/2022\/04\/free_palestine_87-300x300.png\" alt=\"\" width=\"300\" height=\"300\" srcset=\"https:\/\/pcf08.com\/wp-content\/uploads\/2022\/04\/free_palestine_87-300x300.png 300w, https:\/\/pcf08.com\/wp-content\/uploads\/2022\/04\/free_palestine_87-150x150.png 150w, https:\/\/pcf08.com\/wp-content\/uploads\/2022\/04\/free_palestine_87.png 600w\" sizes=\"(max-width: 300px) 100vw, 300px\" \/>La situation en Palestine ne cesse de s\u2019empirer. En cette p\u00e9riode de ramadan, les Palestiniens vivent sensiblement la m\u00eame chose que l\u2019an pass\u00e9 : des provocations de la part d\u2019extr\u00e9mistes sur l\u2019Esplanade des mosqu\u00e9es, prot\u00e9g\u00e9s par des policiers en armes, menant \u00e0 des confrontations faisant des centaines d\u2019arrestations et de bless\u00e9s. Exactement comme l\u2019an pass\u00e9, cette p\u00e9riode pourtant particuli\u00e8rement sainte pour les musulmans est marqu\u00e9e par un lourd bilan humain. Le refus de la part d\u2019Isra\u00ebl de respecter le droit international notamment sur la question de J\u00e9rusalem Est ne permettra jamais la r\u00e9solution du conflit par une paix juste et durable dans le respect de la volont\u00e9 des peuples. C\u2019est encore une fois avec violence que s\u2019exprime la politique colonisatrice de l\u2019Etat Isra\u00e9lien. Les provocations de la part de juifs extr\u00e9mistes sont r\u00e9guli\u00e8res et cela sert \u00e9videmment cette politique.<\/span><\/span><\/p>\n<p align=\"justify\"><span style=\"font-family: Calibri, sans-serif;\"><span style=\"font-size: medium;\">Quelles perspectives pour la suite ?<\/span><\/span><\/p>\n<p align=\"justify\"><span style=\"font-size: medium;\"><span style=\"font-family: Calibri, sans-serif;\">C\u2019est Pierre Barbancey qui dans un r\u00e9cent article pour L\u2019Humanit\u00e9 soulignait que l\u2019ann\u00e9e derni\u00e8re, \u00ab ces affrontements avaient d\u00e9bord\u00e9 le simple cadre de la mosqu\u00e9e al-Aqsa, s\u2019\u00e9taient propag\u00e9s dans J\u00e9rusalem-Est, puis en Cisjordanie, en Isra\u00ebl et dans la bande de Gaza.\u00bb et que bien que la situation n\u2019en soit pas encore arriv\u00e9e l\u00e0, la riposte palestinienne et notamment celle du Hamas pourrait \u00eatre recherch\u00e9e par Isra\u00ebl. En effet, il n\u2019a fallu que quelques jours pour qu\u2019une roquette soit tir\u00e9 d\u2019un c\u00f4t\u00e9 et que l\u2019aviation Isra\u00e9lienne attaque le territoire palestinien frontalier avec <\/span><span style=\"font-family: Calibri, sans-serif;\">l\u2019\u00c9gypte.<\/span> <\/span><\/p>\n<p align=\"justify\"><span style=\"font-family: Calibri, sans-serif;\"><span style=\"font-size: medium;\">Le droit international est pleinement bafou\u00e9, le peuple Palestinien r\u00e9siste l\u00e9gitimement. C\u2019est dans cette situation qu\u2019en quelques semaines 23 Palestiniens ont \u00e9t\u00e9 tu\u00e9s en Cisjordanie, et 14 Isra\u00e9liens ont trouv\u00e9 la mort.<\/span><\/span><\/p>\n<p align=\"right\"><span style=\"font-family: Calibri, sans-serif;\"><span style=\"font-size: medium;\">Esteban EVRARD<\/span><\/span><\/p>\n","protected":false},"excerpt":{"rendered":"<p>La situation en Palestine ne cesse de s\u2019empirer. En cette p\u00e9riode de ramadan, les Palestiniens vivent sensiblement la m\u00eame chose que l\u2019an pass\u00e9 : des provocations de la part d\u2019extr\u00e9mistes sur l\u2019Esplanade des mosqu\u00e9es, prot\u00e9g\u00e9s par des policiers en armes, menant \u00e0 des confrontations faisant des centaines d\u2019arrestations et de bless\u00e9s. Exactement comme l\u2019an pass\u00e9, [&hellip;]<\/p>\n","protected":false},"author":4,"featured_media":0,"comment_status":"closed","ping_status":"open","sticky":false,"template":"","format":"standard","meta":{"saved_in_kubio":false,"footnotes":""},"categories":[1],"tags":[],"class_list":["post-1683","post","type-post","status-publish","format-standard","hentry","category-non-classe"],"_links":{"self":[{"href":"https:\/\/pcf08.com\/index.php\/wp-json\/wp\/v2\/posts\/1683","targetHints":{"allow":["GET"]}}],"collection":[{"href":"https:\/\/pcf08.com\/index.php\/wp-json\/wp\/v2\/posts"}],"about":[{"href":"https:\/\/pcf08.com\/index.php\/wp-json\/wp\/v2\/types\/post"}],"author":[{"embeddable":true,"href":"https:\/\/pcf08.com\/index.php\/wp-json\/wp\/v2\/users\/4"}],"replies":[{"embeddable":true,"href":"https:\/\/pcf08.com\/index.php\/wp-json\/wp\/v2\/comments?post=1683"}],"version-history":[{"count":1,"href":"https:\/\/pcf08.com\/index.php\/wp-json\/wp\/v2\/posts\/1683\/revisions"}],"predecessor-version":[{"id":1685,"href":"https:\/\/pcf08.com\/index.php\/wp-json\/wp\/v2\/posts\/1683\/revisions\/1685"}],"wp:attachment":[{"href":"https:\/\/pcf08.com\/index.php\/wp-json\/wp\/v2\/media?parent=1683"}],"wp:term":[{"taxonomy":"category","embeddable":true,"href":"https:\/\/pcf08.com\/index.php\/wp-json\/wp\/v2\/categories?post=1683"},{"taxonomy":"post_tag","embeddable":true,"href":"https:\/\/pcf08.com\/index.php\/wp-json\/wp\/v2\/tags?post=1683"}],"curies":[{"name":"wp","href":"https:\/\/api.w.org\/{rel}","templated":true}]}}