{"id":1680,"date":"2022-04-28T13:41:10","date_gmt":"2022-04-28T11:41:10","guid":{"rendered":"http:\/\/pcf08.com\/?p=1680"},"modified":"2022-04-28T13:41:10","modified_gmt":"2022-04-28T11:41:10","slug":"securite-informatique-dans-les-hopitaux-et-independance-industrielle-de-la-france","status":"publish","type":"post","link":"https:\/\/pcf08.com\/index.php\/2022\/04\/28\/securite-informatique-dans-les-hopitaux-et-independance-industrielle-de-la-france\/","title":{"rendered":"S\u00e9curit\u00e9 informatique dans les h\u00f4pitaux et ind\u00e9pendance industrielle de la France"},"content":{"rendered":"<p align=\"justify\"><span style=\"font-family: Calibri, sans-serif;\"><span style=\"font-size: medium;\"><img loading=\"lazy\" decoding=\"async\" class=\"size-medium wp-image-1681 alignleft\" src=\"https:\/\/pcf08.com\/wp-content\/uploads\/2022\/04\/informatique-225x300.jpg\" alt=\"\" width=\"225\" height=\"300\" \/>Depuis le d\u00e9but de l\u2019ann\u00e9e, selon le secr\u00e9taire d\u2019\u00c9tat charg\u00e9 de la Transition num\u00e9rique, un h\u00f4pital fran\u00e7ais est la cible chaque semaine d\u2019une cyber-attaque, encore il y a quelques jours, celui de Vitry Le Fran\u00e7ois dans la Marne.<\/span><\/span><\/p>\n<p align=\"justify\"><span style=\"font-size: medium;\"><span style=\"font-family: Calibri, sans-serif;\">L<\/span><span style=\"font-family: Calibri, sans-serif;\">e gouvernement pr\u00e9f\u00e8re mettre en cause les personnels hospitaliers qui ne respecteraient pas les r\u00e8gles de s\u00e9curit\u00e9 que sa propre politique alors m\u00eame qu\u2019il persiste, malgr\u00e9 les recommandations, \u00e0 confier des donn\u00e9es de sant\u00e9 \u00e0 des soci\u00e9t\u00e9s soumises au droit am\u00e9ricain comme son partenariat avec Doctolib pour la campagne de vaccination qui confie ces donn\u00e9es \u00e0 la soci\u00e9t\u00e9 am\u00e9ricaine Amazon Web Services. <\/span><\/span><\/p>\n<p align=\"justify\"><span style=\"font-family: Calibri, sans-serif;\"><span style=\"font-size: medium;\">Rappelons aussi combien l\u2019informatique actuelle ne r\u00e9pond pas aux besoins des personnels de sant\u00e9 qui ont besoin d\u2019une informatique facilitant le travail et non de contrainte orchestr\u00e9e par les r\u00e8gles de gestion comme actuellement.<\/span><\/span><\/p>\n<p align=\"justify\"><span style=\"font-family: Calibri, sans-serif;\"><span style=\"font-size: medium;\">En s\u2019inspirant du militaire, des responsables CGT de Thal\u00e8s font des propositions, car Thal\u00e8s sait rendre compatible et fluide toute la cha\u00eene de d\u00e9tection et de commandement compos\u00e9e d\u2019une multitude d\u2019appareils et logiciels, au d\u00e9part incompatibles \u00a0: la compatibilit\u00e9 entre les diff\u00e9rents syst\u00e8mes est r\u00e9alis\u00e9e gr\u00e2ce \u00e0 une normalisation de la forme des donn\u00e9es type open source. <\/span><\/span><\/p>\n<p align=\"justify\"><span style=\"font-family: Calibri, sans-serif;\"><span style=\"font-size: medium;\">Sur ce mod\u00e8le, ces responsables CGT proposent de fabriquer du sur-mesure r\u00e9pondant aux besoins des professionnels, diff\u00e9rents selon les secteurs, tout en permettant l\u2019interop\u00e9rabilit\u00e9 et en limitant, par la fragmentation, le risque de piratage.<\/span><\/span><\/p>\n<p align=\"justify\"><span style=\"font-size: medium;\"><span style=\"font-family: Calibri, sans-serif;\">Cela suppose de sortir d\u2019une vision lib\u00e9rale sacrifiant les services informatiques internes au profit de cabinets de consulting externes porteurs de solutions clef en main rendant le syst\u00e8me de sant\u00e9 captif aux GAFA. Des industriels <\/span><span style=\"font-family: Calibri, sans-serif;\">fran\u00e7ais <\/span><span style=\"font-family: Calibri, sans-serif;\">pourraient tout \u00e0 fait mobiliser leur savoir-faire pour construire un tel projet <\/span><span style=\"font-family: Calibri, sans-serif;\">en lien avec les services hospitaliers<\/span><span style=\"font-family: Calibri, sans-serif;\">.<\/span><\/span><\/p>\n<p align=\"right\"><span style=\"font-size: medium;\"><span style=\"font-family: Calibri, sans-serif;\">M<\/span><span style=\"font-family: Calibri, sans-serif;\">ich\u00e8le Leflon<\/span><\/span><\/p>\n","protected":false},"excerpt":{"rendered":"<p>Depuis le d\u00e9but de l\u2019ann\u00e9e, selon le secr\u00e9taire d\u2019\u00c9tat charg\u00e9 de la Transition num\u00e9rique, un h\u00f4pital fran\u00e7ais est la cible chaque semaine d\u2019une cyber-attaque, encore il y a quelques jours, celui de Vitry Le Fran\u00e7ois dans la Marne. Le gouvernement pr\u00e9f\u00e8re mettre en cause les personnels hospitaliers qui ne respecteraient pas les r\u00e8gles de s\u00e9curit\u00e9 [&hellip;]<\/p>\n","protected":false},"author":4,"featured_media":0,"comment_status":"closed","ping_status":"open","sticky":false,"template":"","format":"standard","meta":{"saved_in_kubio":false,"footnotes":""},"categories":[1],"tags":[],"class_list":["post-1680","post","type-post","status-publish","format-standard","hentry","category-non-classe"],"_links":{"self":[{"href":"https:\/\/pcf08.com\/index.php\/wp-json\/wp\/v2\/posts\/1680","targetHints":{"allow":["GET"]}}],"collection":[{"href":"https:\/\/pcf08.com\/index.php\/wp-json\/wp\/v2\/posts"}],"about":[{"href":"https:\/\/pcf08.com\/index.php\/wp-json\/wp\/v2\/types\/post"}],"author":[{"embeddable":true,"href":"https:\/\/pcf08.com\/index.php\/wp-json\/wp\/v2\/users\/4"}],"replies":[{"embeddable":true,"href":"https:\/\/pcf08.com\/index.php\/wp-json\/wp\/v2\/comments?post=1680"}],"version-history":[{"count":1,"href":"https:\/\/pcf08.com\/index.php\/wp-json\/wp\/v2\/posts\/1680\/revisions"}],"predecessor-version":[{"id":1682,"href":"https:\/\/pcf08.com\/index.php\/wp-json\/wp\/v2\/posts\/1680\/revisions\/1682"}],"wp:attachment":[{"href":"https:\/\/pcf08.com\/index.php\/wp-json\/wp\/v2\/media?parent=1680"}],"wp:term":[{"taxonomy":"category","embeddable":true,"href":"https:\/\/pcf08.com\/index.php\/wp-json\/wp\/v2\/categories?post=1680"},{"taxonomy":"post_tag","embeddable":true,"href":"https:\/\/pcf08.com\/index.php\/wp-json\/wp\/v2\/tags?post=1680"}],"curies":[{"name":"wp","href":"https:\/\/api.w.org\/{rel}","templated":true}]}}