{"id":1641,"date":"2022-04-07T13:35:42","date_gmt":"2022-04-07T11:35:42","guid":{"rendered":"http:\/\/pcf08.com\/?p=1641"},"modified":"2022-04-07T13:35:42","modified_gmt":"2022-04-07T11:35:42","slug":"la-preference-nationale-au-service-du-capital","status":"publish","type":"post","link":"https:\/\/pcf08.com\/index.php\/2022\/04\/07\/la-preference-nationale-au-service-du-capital\/","title":{"rendered":"La pr\u00e9f\u00e9rence nationale au service du capital\u00a0!"},"content":{"rendered":"<p align=\"justify\"><span style=\"font-family: Calibri, sans-serif;\"><img loading=\"lazy\" decoding=\"async\" class=\"size-medium wp-image-1642 alignright\" src=\"https:\/\/pcf08.com\/wp-content\/uploads\/2022\/04\/demasquons-le-front-national-1-300x180.jpg\" alt=\"\" width=\"300\" height=\"180\" \/>\u00ab\u00a0La droite, la gauche, on a tout essay\u00e9, essayons Marine Le Pen\u00a0\u00bb Combien de fois n\u2019avons nous pas entendu cette phrase\u00a0?<\/span><\/p>\n<p align=\"justify\"><span style=\"font-family: Calibri, sans-serif;\">Passons sur la d\u00e9ception face \u00e0 la gauche \u2013 jamais n\u2019a \u00e9t\u00e9 mis en \u0153uvre un vrai programme de gauche, s\u2019en prenant au capital \u2013 pour se concentrer sur ce qu\u2019est le rassemblement National et son avatar Zemmour, utilis\u00e9 pour rendre plus fr\u00e9quentables les id\u00e9es du RN.<\/span><\/p>\n<p align=\"justify\"><span style=\"font-family: Calibri, sans-serif;\">L\u2019exemple des propositions sur l\u2019\u00e9cole t\u00e9moigne de son offensive id\u00e9ologique contre la la\u00efcit\u00e9 et la raison\u00a0: a<\/span><span style=\"font-family: Calibri, sans-serif;\">u-del\u00e0 de propositions anecdotiques, comme le port de la blouse obligatoire, ce qu<\/span><span style=\"font-family: Calibri, sans-serif;\">e cherche l\u2019extr\u00eame droite, c\u2019est <\/span><span style=\"font-family: Calibri, sans-serif;\">en fait un renversement complet des objectifs de l\u2019enseignement. Il ne s\u2019agirait plus de former \u00e0 l\u2019esprit critique, ni \u00e0 la d\u00e9marche scientifique de construction de savoirs, mais de faire de la culture scolaire le fondement d\u2019une identit\u00e9 nationale normative et impos\u00e9e. On est tr\u00e8s \u00e9loign\u00e9 des principes la\u00efques qui consid\u00e8rent tout \u00e0 la fois les contenus et les m\u00e9thodes comme ayant une fonction d\u2019\u00e9mancipation des individus.<\/span><\/p>\n<p align=\"justify\"><span style=\"font-family: Calibri, sans-serif;\">L<\/span><span style=\"font-family: Calibri, sans-serif;\">a pr\u00e9f\u00e9rence nationale est au service du capital\u00a0! <\/span><span style=\"font-family: Calibri, sans-serif;\">En poussant<\/span><span style=\"font-family: Calibri, sans-serif;\"> les salari\u00e9s <\/span><span style=\"font-family: Calibri, sans-serif;\">\u00e0 consid\u00e9rer <\/span><span style=\"font-family: Calibri, sans-serif;\"> que le probl\u00e8me c\u2019est l\u2019immigration, <\/span><span style=\"font-family: Calibri, sans-serif;\">on les d\u00e9tourne d\u2019une v\u00e9ritable mobilisation<\/span><span style=\"font-family: Calibri, sans-serif;\"> pour des avanc\u00e9es sociales. <\/span><span style=\"font-family: Calibri, sans-serif;\">Et les all\u00e9gations de l\u2019extr\u00eame droite repose sur un mensonge\u00a0: s<\/span><span style=\"font-family: Calibri, sans-serif;\">elon un rapport de l\u2019OCDE de 2021: \u00ab Dans tous les pays, la contribution des immigr\u00e9s sous la forme d\u2019imp\u00f4ts et de cotisations est sup\u00e9rieure aux d\u00e9penses que les pays consacrent \u00e0 leur protection sociale, leur sant\u00e9 et leur \u00e9ducation. \u00bb <\/span><span style=\"font-family: Calibri, sans-serif;\">L<\/span><span style=\"font-family: Calibri, sans-serif;\">a fraude sociale, que les partis d\u2019extr\u00eame droite associent abusivement aux immigr\u00e9s, repr\u00e9sente moins d\u2019un milliard d\u2019euros par an, alors que la fraude fiscale \u2013 celle des multinationales \u2013 nous co\u00fbte plus de 1<\/span><span style=\"font-family: Calibri, sans-serif;\">00<\/span><span style=\"font-family: Calibri, sans-serif;\"> milliards par an.<\/span><\/p>\n<p align=\"right\"><span style=\"font-family: Calibri, sans-serif;\">M<\/span><span style=\"font-family: Calibri, sans-serif;\">ich\u00e8le LEFLON<\/span><\/p>\n","protected":false},"excerpt":{"rendered":"<p>\u00ab\u00a0La droite, la gauche, on a tout essay\u00e9, essayons Marine Le Pen\u00a0\u00bb Combien de fois n\u2019avons nous pas entendu cette phrase\u00a0? Passons sur la d\u00e9ception face \u00e0 la gauche \u2013 jamais n\u2019a \u00e9t\u00e9 mis en \u0153uvre un vrai programme de gauche, s\u2019en prenant au capital \u2013 pour se concentrer sur ce qu\u2019est le rassemblement National [&hellip;]<\/p>\n","protected":false},"author":4,"featured_media":0,"comment_status":"closed","ping_status":"open","sticky":false,"template":"","format":"standard","meta":{"saved_in_kubio":false,"footnotes":""},"categories":[1],"tags":[],"class_list":["post-1641","post","type-post","status-publish","format-standard","hentry","category-non-classe"],"_links":{"self":[{"href":"https:\/\/pcf08.com\/index.php\/wp-json\/wp\/v2\/posts\/1641","targetHints":{"allow":["GET"]}}],"collection":[{"href":"https:\/\/pcf08.com\/index.php\/wp-json\/wp\/v2\/posts"}],"about":[{"href":"https:\/\/pcf08.com\/index.php\/wp-json\/wp\/v2\/types\/post"}],"author":[{"embeddable":true,"href":"https:\/\/pcf08.com\/index.php\/wp-json\/wp\/v2\/users\/4"}],"replies":[{"embeddable":true,"href":"https:\/\/pcf08.com\/index.php\/wp-json\/wp\/v2\/comments?post=1641"}],"version-history":[{"count":1,"href":"https:\/\/pcf08.com\/index.php\/wp-json\/wp\/v2\/posts\/1641\/revisions"}],"predecessor-version":[{"id":1643,"href":"https:\/\/pcf08.com\/index.php\/wp-json\/wp\/v2\/posts\/1641\/revisions\/1643"}],"wp:attachment":[{"href":"https:\/\/pcf08.com\/index.php\/wp-json\/wp\/v2\/media?parent=1641"}],"wp:term":[{"taxonomy":"category","embeddable":true,"href":"https:\/\/pcf08.com\/index.php\/wp-json\/wp\/v2\/categories?post=1641"},{"taxonomy":"post_tag","embeddable":true,"href":"https:\/\/pcf08.com\/index.php\/wp-json\/wp\/v2\/tags?post=1641"}],"curies":[{"name":"wp","href":"https:\/\/api.w.org\/{rel}","templated":true}]}}