{"id":162,"date":"2020-02-11T14:54:50","date_gmt":"2020-02-11T13:54:50","guid":{"rendered":"http:\/\/pcf08.com\/?p=162"},"modified":"2020-02-17T17:24:06","modified_gmt":"2020-02-17T16:24:06","slug":"intervention-de-la-jc-au-repas-des-veterans-du-2-fevrier","status":"publish","type":"post","link":"https:\/\/pcf08.com\/index.php\/2020\/02\/11\/intervention-de-la-jc-au-repas-des-veterans-du-2-fevrier\/","title":{"rendered":"Intervention de la JC au repas des v\u00e9t\u00e9rans du 2 f\u00e9vrier"},"content":{"rendered":"<p style=\"text-align: center;\"><iframe loading=\"lazy\" width=\"560\" height=\"315\" src=\"https:\/\/www.youtube.com\/embed\/gTaCGIZvdgg\" frameborder=\"0\" allow=\"accelerometer; autoplay; encrypted-media; gyroscope; picture-in-picture\" allowfullscreen><\/iframe><\/p>\n<p>Il y a 1 an, s\u2019est reform\u00e9 le Mouvement des Jeunes Communistes de France dans notre d\u00e9partement des Ardennes. Aujourd\u2019hui, forte de plus de 50 adh\u00e9rents, de plus de 50 militants convaincus et d\u00e9termin\u00e9s, la JC redonne l\u2019espoir de jours meilleurs pour les jeunes ardennais.<\/p>\n<p>En France, la Jeunesse Communiste se mobilise partout face \u00e0 ce capitalisme toujours plus destructeur, face \u00e0 cette bourgeoisie toujours plus motiv\u00e9e \u00e0 d\u00e9tricoter les conquis sociaux et \u00e0 faire son profit sur le dos des travailleurs. Ces conquis arrach\u00e9s apr\u00e8s de longues luttes que nous n\u2019oublierons jamais.<\/p>\n<p>Tout comme le grand Parti Communiste Fran\u00e7ais, la Jeunesse Communiste entre dans sa 100\u00e8me ann\u00e9e. Cent ans de lutte aupr\u00e8s du Parti Communiste, cent ans de lutte aupr\u00e8s de la CGT, cent ans de lutte aupr\u00e8s de la CNL, cent ans de lutte aupr\u00e8s de l\u2019ARAC, cent ans de lutte aupr\u00e8s de notre journal l\u2019Humanit\u00e9, cent ans de lutte aupr\u00e8s des travailleuses et des travailleurs.<\/p>\n<p>La Jeunesse Communiste a toujours \u00e9t\u00e9 au front pour combattre la classe exploiteuse, le fascisme et la guerre. Gr\u00e2ce \u00e0 vous, aujourd\u2019hui cet h\u00e9ritage r\u00e9volutionnaire traverse nos esprits. C\u2019est pourquoi au nom de la Jeunesse Communiste des Ardennes, je tiens \u00e0 vous dire que nous d\u00e9fendrons ces 100 ans de lutte, ainsi que nos racines.<\/p>\n<p>Vaillants de 2020, nous sommes fils de montagnards, fils de la 1\u00e8re R\u00e9publique et de la constitution de 1793, fils de Robespierre, de Saint-Just et de Babeuf. Fils de la grande r\u00e9publique sociale qu\u2019ont d\u00e9fendu les r\u00e9volutionnaires du XIXe si\u00e8cle. Fils de Blanqui, nous sommes, tant le Parti Communiste que la Jeunesse Communiste, les h\u00e9ritiers des communards. Les h\u00e9ritiers de 36 et du maquis, de tous les r\u00e9sistants, de tous les Jeunes Communistes morts pour la libert\u00e9 en Espagne comme en France. Fils de Rol Tanguy, de Guy Moquet, de Duclos, de Thorez. Fils du programme des jours heureux. Fils de 68, de 95. Et j\u2019en passe.<\/p>\n<p>Jamais, Jamais, Jamais nous ne renieront cet h\u00e9ritage, nous le connaissons et le d\u00e9fendons.<\/p>\n<p>Pour un prol\u00e9tariat uni, la jeunesse doit s\u2019inscrire pleinement dans la lutte ! Lyc\u00e9ens, \u00e9tudiants et jeunes travailleurs doivent se lever et se l\u00e8veront face aux r\u00e9formes mortif\u00e8res des gouvernements successifs. Voil\u00e0 ce que certains appellent la d\u00e9mocratie. Entre la droite r\u00e9actionnaire et la gauche sociale-lib\u00e9rale, le vote communiste est le seul vote possible.<\/p>\n<p>Pour finir, dans sa perspective internationaliste la jeunesse communiste d\u00e9fendra corps et \u00e2me, les r\u00e9publiques populaires et d\u00e9mocratiques tant en Am\u00e9rique du Sud, en Afrique qu\u2019en Asie. Notre amour de la partie s\u2019allie parfaitement \u00e0 notre internationalisme sans faille. Nous ferons toujours le choix de ce qu\u2019ils appellent dictature face \u00e0 ce qu\u2019ils nomment d\u00e9mocratie si la premi\u00e8re est du prol\u00e9tariat et la deuxi\u00e8me de la bourgeoisie.<\/p>\n<p>Merci \u00e0 vous, merci pour toutes vos conqu\u00eates, toutes vos luttes, tous vos jours de gr\u00e8ves.<\/p>\n<p>Aujourd\u2019hui nous nous battons pour le retrait de la r\u00e9forme des retraites. Demain nous f\u00eaterons l\u2019av\u00e8nement d\u2019une soci\u00e9t\u00e9 nouvelle !!!<\/p>\n<p>Ces sur les mots de Krasucki que je terminerai, dans son livre Syndicats et lutte de classes il \u00e9crivait :<\/p>\n<p>\u00ab Aimer la classe ouvri\u00e8re, combattre pour elle de tout l\u2019\u00e9lan dont on est capable, cela ne demande pas l\u2019aveuglement, mais la lucidit\u00e9. C\u2019est apprendre \u00e0 le faire bien pour la conduire non \u00e0 la d\u00e9faite, mais au succ\u00e8s.<\/p>\n<p>Nul n\u2019est plus riche de sentiments \u00e9lev\u00e9s que ceux qui s\u2019y consacrent, sinon comment le pourraient-ils ? Mais nul ne r\u00e9agit aussi vivement lorsque l\u2019on pr\u00e9tend opposer ces sentiments \u00e0 la raison et \u00e0 la connaissance sans lesquelles ils sont vou\u00e9s \u00e0 l\u2019enfer des bonnes intentions.<\/p>\n<p>Et s\u2019il n\u2019y a rien de plus beau, de plus digne d\u2019\u00eatre v\u00e9cu que cette vie-l\u00e0 et ce combat, c\u2019est parce que son but est grand et qu\u2019il y faut tout \u00e0 la fois le c\u0153ur et l\u2019intelligence. \u00bb<\/p>\n<p>C\u2019est bien pour cela que la JC est indispensable, sa beaut\u00e9 r\u00e9side dans son ind\u00e9pendance. Elle se doit de former les futurs militants et les futurs cadres de toutes les organisations r\u00e9volutionnaires et communistes cit\u00e9es plus t\u00f4t qu\u2019elles soient politiques, syndicales ou associatives.<\/p>\n<p>Discours de notre Secr\u00e9taire F\u00e9d\u00e9ral Esteban EVRARD au repas des v\u00e9t\u00e9rans du Parti Communiste.<\/p>\n","protected":false},"excerpt":{"rendered":"<p>Il y a 1 an, s\u2019est reform\u00e9 le Mouvement des Jeunes Communistes de France dans notre d\u00e9partement des Ardennes. Aujourd\u2019hui, forte de plus de 50 adh\u00e9rents, de plus de 50 militants convaincus et d\u00e9termin\u00e9s, la JC redonne l\u2019espoir de jours meilleurs pour les jeunes ardennais. En France, la Jeunesse Communiste se mobilise partout face \u00e0 [&hellip;]<\/p>\n","protected":false},"author":1,"featured_media":0,"comment_status":"closed","ping_status":"open","sticky":false,"template":"","format":"standard","meta":{"saved_in_kubio":false,"footnotes":""},"categories":[1],"tags":[],"class_list":["post-162","post","type-post","status-publish","format-standard","hentry","category-non-classe"],"_links":{"self":[{"href":"https:\/\/pcf08.com\/index.php\/wp-json\/wp\/v2\/posts\/162","targetHints":{"allow":["GET"]}}],"collection":[{"href":"https:\/\/pcf08.com\/index.php\/wp-json\/wp\/v2\/posts"}],"about":[{"href":"https:\/\/pcf08.com\/index.php\/wp-json\/wp\/v2\/types\/post"}],"author":[{"embeddable":true,"href":"https:\/\/pcf08.com\/index.php\/wp-json\/wp\/v2\/users\/1"}],"replies":[{"embeddable":true,"href":"https:\/\/pcf08.com\/index.php\/wp-json\/wp\/v2\/comments?post=162"}],"version-history":[{"count":2,"href":"https:\/\/pcf08.com\/index.php\/wp-json\/wp\/v2\/posts\/162\/revisions"}],"predecessor-version":[{"id":184,"href":"https:\/\/pcf08.com\/index.php\/wp-json\/wp\/v2\/posts\/162\/revisions\/184"}],"wp:attachment":[{"href":"https:\/\/pcf08.com\/index.php\/wp-json\/wp\/v2\/media?parent=162"}],"wp:term":[{"taxonomy":"category","embeddable":true,"href":"https:\/\/pcf08.com\/index.php\/wp-json\/wp\/v2\/categories?post=162"},{"taxonomy":"post_tag","embeddable":true,"href":"https:\/\/pcf08.com\/index.php\/wp-json\/wp\/v2\/tags?post=162"}],"curies":[{"name":"wp","href":"https:\/\/api.w.org\/{rel}","templated":true}]}}