{"id":1613,"date":"2022-03-24T11:35:23","date_gmt":"2022-03-24T10:35:23","guid":{"rendered":"http:\/\/pcf08.com\/?p=1613"},"modified":"2022-03-24T11:35:23","modified_gmt":"2022-03-24T10:35:23","slug":"sortie-du-nucleaire-les-belges-reculent","status":"publish","type":"post","link":"https:\/\/pcf08.com\/index.php\/2022\/03\/24\/sortie-du-nucleaire-les-belges-reculent\/","title":{"rendered":"Sortie du nucl\u00e9aire\u00a0: les Belges reculent\u00a0!"},"content":{"rendered":"<p align=\"justify\"><span style=\"font-family: Calibri, sans-serif;\"><span style=\"font-size: medium;\">Un rappel historique est n\u00e9cessaire pour comprendre. En 2003, une loi \u00e9tait adopt\u00e9e pour sortir du nucl\u00e9aire en 2025. Elle a \u00e9t\u00e9 confirm\u00e9e par les diff\u00e9rents gouvernements successifs.<\/span><\/span><\/p>\n<p align=\"justify\"><span style=\"font-family: Calibri, sans-serif;\"><span style=\"font-size: medium;\">Probl\u00e8me\u00a0: aucune anticipation alors que le nucl\u00e9aire produit environ 50\u00a0% de l\u2019\u00e9lectricit\u00e9 belge\u00a0! A terme, la Belgique avait pour ambition le 100\u00a0% d\u2019\u00e9lectricit\u00e9 renouvelable mais avec l\u2019objectif pr\u00e9tentieux de 2025\u00a0!<\/span><\/span><\/p>\n<p align=\"justify\"><span style=\"font-family: Calibri, sans-serif;\"><span style=\"font-size: medium;\">Le d\u00e9lai \u00e9tait beaucoup trop serr\u00e9\u00a0! Donc, entre temps, les solutions palliatives retenues auraient \u00e9t\u00e9 la construction de centrales \u00e0 gaz subventionn\u00e9es et l\u2019importation de 25 \u00e0 40\u00a0% d\u2019\u00e9lectricit\u00e9 ce qui est \u00e9norme\u00a0!<\/span><\/span><\/p>\n<p align=\"justify\"><span style=\"font-family: Calibri, sans-serif;\"><span style=\"font-size: medium;\">Les cons\u00e9quences\u00a0: <\/span><\/span><\/p>\n<p align=\"justify\"><span style=\"font-family: Calibri, sans-serif;\"><span style=\"font-size: medium;\">1) La Belgique aurait augment\u00e9 ses \u00e9missions de CO2 li\u00e9es \u00e0 l\u2019\u00e9lectricit\u00e9 \u00e0 l\u2019oppos\u00e9 des engagements pris, en particulier par une importation de gaz plus importante.<\/span><\/span><\/p>\n<p align=\"justify\"><span style=\"font-family: Calibri, sans-serif;\"><span style=\"font-size: medium;\">2) \u00ab\u00a0Elia\u00a0\u00bb, l\u2019\u00e9quivalent de \u00ab\u00a0RTE\u00a0\u00bb en France indiquait \u00e0 l\u2019\u00e9poque que la s\u00e9curit\u00e9 d\u2019approvisionnement en \u00e9lectricit\u00e9 aurait \u00e9t\u00e9 menac\u00e9e apr\u00e8s 2025 ceci \u00e9tant d\u00fb aux importations alors que les pays voisins se seraient retrouver en difficult\u00e9 pour exporter (d\u00fb aux renouvelables).<\/span><\/span><\/p>\n<p align=\"justify\"><span style=\"font-family: Calibri, sans-serif;\"><span style=\"font-size: medium;\">Le gouvernement belge \u00e9tait dans une situation d\u00e9licate pour ne pas dire une impasse.<\/span><\/span><\/p>\n<p align=\"justify\"><span style=\"font-family: Calibri, sans-serif;\"><span style=\"font-size: medium;\">Du coup, en 2020, il a commenc\u00e9 \u00e0 entrouvrir la possibilit\u00e9 de maintenir les deux r\u00e9acteurs les plus r\u00e9cents\u00a0: Doel 4 et Tihange 3, mis en service en 1985.<\/span><\/span><\/p>\n<p align=\"justify\"><span style=\"font-family: Calibri, sans-serif;\"><span style=\"font-size: medium;\">\u00ab\u00a0Engie Electrabel\u00a0\u00bb, \u00e9quivalent d\u2019\u00a0\u00ab\u00a0EDF\u00a0\u00bb, a appel\u00e9 plusieurs fois le gouvernement \u00e0 statuer rapidement car maintenir un r\u00e9acteur en activit\u00e9 ne se fait pas d\u2019un coup de baguette magique\u00a0!<\/span><\/span><\/p>\n<p align=\"justify\"><span id=\"Cadre2\" dir=\"ltr\"><\/span><span style=\"font-family: Calibri, sans-serif;\"><span style=\"font-size: medium;\">Cette d\u00e9cision demeurait en suspens depuis, avec un gouvernement restant sur sa d\u00e9cision de 2003, quitte \u00e0 fermer des r\u00e9acteurs apr\u00e8s \u00e0 peine 40 ans d\u2019exploitation et \u00e0 construire des centrales au gaz qui ne fonctionneront th\u00e9oriquement que pendant 15 ans\u00a0!<\/span><\/span><\/p>\n<p align=\"justify\"><span style=\"font-family: Calibri, sans-serif;\"><span style=\"font-size: medium;\">Ce 18 mars, la Belgique a finalement d\u00e9cid\u00e9 de repousser de 10 ans sa sortie du nucl\u00e9aire en prolongeant \u00e0 2035 les r\u00e9acteurs Doel 4 et Tihange 3 face aux incertitudes sur l\u2019approvisionnement et le prix de l\u2019\u00e9nergie\u00a0! <\/span><\/span><\/p>\n<p align=\"justify\"><span style=\"font-family: Calibri, sans-serif;\"><span style=\"font-size: medium;\">Si nous \u00e9tions cyniques, nous dirions qu\u2019il aura fallu une guerre pour que les dirigeants belges reviennent \u00e0 la raison\u2026 m\u00eame si la guerre en Ukraine s\u2019est ajout\u00e9e \u00e0 d\u2019autres raisons plus structurelles.<\/span><\/span><\/p>\n<p align=\"justify\"><span style=\"font-family: Calibri, sans-serif;\"><span style=\"font-size: medium;\">Bien que cette d\u00e9cision devrait faciliter la transition, la fermeture rapide de cinq \u00e0 sept r\u00e9acteurs nucl\u00e9aires belges entre 2023 et 2025 entra\u00eenera tout de m\u00eame l\u2019augmentation des importations d\u2019\u00e9lectricit\u00e9 et la production de gaz.<\/span><\/span><\/p>\n<p align=\"right\"><span style=\"font-family: Calibri, sans-serif;\"><span style=\"font-size: medium;\">Corine Postal<\/span><\/span><\/p>\n","protected":false},"excerpt":{"rendered":"<p>Un rappel historique est n\u00e9cessaire pour comprendre. En 2003, une loi \u00e9tait adopt\u00e9e pour sortir du nucl\u00e9aire en 2025. Elle a \u00e9t\u00e9 confirm\u00e9e par les diff\u00e9rents gouvernements successifs. Probl\u00e8me\u00a0: aucune anticipation alors que le nucl\u00e9aire produit environ 50\u00a0% de l\u2019\u00e9lectricit\u00e9 belge\u00a0! A terme, la Belgique avait pour ambition le 100\u00a0% d\u2019\u00e9lectricit\u00e9 renouvelable mais avec l\u2019objectif [&hellip;]<\/p>\n","protected":false},"author":4,"featured_media":0,"comment_status":"closed","ping_status":"open","sticky":false,"template":"","format":"standard","meta":{"saved_in_kubio":false,"footnotes":""},"categories":[1],"tags":[],"class_list":["post-1613","post","type-post","status-publish","format-standard","hentry","category-non-classe"],"_links":{"self":[{"href":"https:\/\/pcf08.com\/index.php\/wp-json\/wp\/v2\/posts\/1613","targetHints":{"allow":["GET"]}}],"collection":[{"href":"https:\/\/pcf08.com\/index.php\/wp-json\/wp\/v2\/posts"}],"about":[{"href":"https:\/\/pcf08.com\/index.php\/wp-json\/wp\/v2\/types\/post"}],"author":[{"embeddable":true,"href":"https:\/\/pcf08.com\/index.php\/wp-json\/wp\/v2\/users\/4"}],"replies":[{"embeddable":true,"href":"https:\/\/pcf08.com\/index.php\/wp-json\/wp\/v2\/comments?post=1613"}],"version-history":[{"count":1,"href":"https:\/\/pcf08.com\/index.php\/wp-json\/wp\/v2\/posts\/1613\/revisions"}],"predecessor-version":[{"id":1614,"href":"https:\/\/pcf08.com\/index.php\/wp-json\/wp\/v2\/posts\/1613\/revisions\/1614"}],"wp:attachment":[{"href":"https:\/\/pcf08.com\/index.php\/wp-json\/wp\/v2\/media?parent=1613"}],"wp:term":[{"taxonomy":"category","embeddable":true,"href":"https:\/\/pcf08.com\/index.php\/wp-json\/wp\/v2\/categories?post=1613"},{"taxonomy":"post_tag","embeddable":true,"href":"https:\/\/pcf08.com\/index.php\/wp-json\/wp\/v2\/tags?post=1613"}],"curies":[{"name":"wp","href":"https:\/\/api.w.org\/{rel}","templated":true}]}}