{"id":1611,"date":"2022-03-24T11:29:19","date_gmt":"2022-03-24T10:29:19","guid":{"rendered":"http:\/\/pcf08.com\/?p=1611"},"modified":"2022-03-24T11:29:19","modified_gmt":"2022-03-24T10:29:19","slug":"non-a-la-speculation-sur-les-produits-petroliers","status":"publish","type":"post","link":"https:\/\/pcf08.com\/index.php\/2022\/03\/24\/non-a-la-speculation-sur-les-produits-petroliers\/","title":{"rendered":"Non \u00e0 la sp\u00e9culation\u00a0sur les produits p\u00e9troliers !"},"content":{"rendered":"<p align=\"justify\"><span style=\"font-family: Calibri, sans-serif;\"><span style=\"font-size: medium;\">Plus les mois passent et plus les Fran\u00e7ais ont le sentiment que la station-service est le seul endroit o\u00f9 celui qui tient le pistolet est aussi celui qui se fait braquer.<\/span><\/span><\/p>\n<p align=\"justify\"><span style=\"font-size: medium;\"><span style=\"font-family: Calibri, sans-serif;\">Les pleins d&rsquo;essences qui arrivent \u00e0 des presque 2,70\u20ac le litre dans certaines villes deviennent un vrai enfer <\/span><span style=\"font-family: Calibri, sans-serif;\">en particulier p<\/span><span style=\"font-family: Calibri, sans-serif;\">our le travailleur qui doit se d\u00e9placer pour aller sur son lieu de travail, Le Gouvernement dans tout \u00e7a ? Pas grand-chose, car \u00e0 part les 15 cts promis \u00e0 partir du 1er Avril, c&rsquo;est nada ! Et <\/span><span style=\"font-family: Calibri, sans-serif;\">\u00e0 la<\/span><span style=\"font-family: Calibri, sans-serif;\"> vue des discours d&rsquo;Emmanuel Macron, \u00e7a m&rsquo;\u00e9tonnerai<\/span><span style=\"font-family: Calibri, sans-serif;\">t<\/span><span style=\"font-family: Calibri, sans-serif;\"> que le gouvernement <\/span><span style=\"font-family: Calibri, sans-serif;\">aille<\/span><span style=\"font-family: Calibri, sans-serif;\"> aider les ruraux \u00e0 vivre dignement. <\/span><span style=\"font-family: Calibri, sans-serif;\">L\u2019\u00c9tat<\/span><span style=\"font-family: Calibri, sans-serif;\"> est <\/span><span style=\"font-family: Calibri, sans-serif;\">comme<\/span><span style=\"font-family: Calibri, sans-serif;\"> une oie <\/span><span style=\"font-family: Calibri, sans-serif;\">qui <\/span><span style=\"font-family: Calibri, sans-serif;\">se gave sur le dos des Fran\u00e7ais. Les 15cts surtout en p\u00e9riode d&rsquo;\u00e9lectorale sont une vaste blague sans nom, <\/span><span style=\"font-family: Calibri, sans-serif;\">car les taxes per\u00e7ues par l\u2019\u00c9tat lui rapportent bien plus avec cette augmentation diabolique.<\/span><\/span><\/p>\n<p align=\"justify\"><span style=\"font-family: Calibri, sans-serif;\"><span style=\"font-size: medium;\">Le capitalisme utilise une fois de plus la guerre pour sp\u00e9culer et les compagnies p\u00e9troli\u00e8res se gavent\u00a0! <\/span><\/span><\/p>\n<p align=\"justify\"><span style=\"font-size: medium;\"><span style=\"font-family: Calibri, sans-serif;\">Pour soulager le porte-monnaie des Fran\u00e7ais, <\/span><span style=\"font-family: Calibri, sans-serif;\">Fabien Roussel<\/span><span style=\"font-family: Calibri, sans-serif;\"> fai<\/span><span style=\"font-family: Calibri, sans-serif;\">t<\/span><span style=\"font-family: Calibri, sans-serif;\"> 3 propositions :<\/span><\/span><\/p>\n<p align=\"justify\"><span style=\"font-family: Calibri, sans-serif;\"><span style=\"font-size: medium;\">&#8211; Z\u00e9ro dividende pour les actionnaires de Total, cette ann\u00e9e, pour redonner l\u2019argent aux Fran\u00e7ais<\/span><\/span><\/p>\n<p align=\"justify\"><span style=\"font-family: Calibri, sans-serif;\"><span style=\"font-size: medium;\">&#8211; Z\u00e9ro marge pour la grande distribution sur l\u2019essence<\/span><\/span><\/p>\n<p align=\"justify\"><span style=\"font-family: Calibri, sans-serif;\"><span style=\"font-size: medium;\">&#8211; Cr\u00e9ation d\u2019une prime \u00e0 la conversion pour aider les Fran\u00e7ais \u00e0 changer leurs v\u00e9hicules les plus polluants et consommateurs (Crit\u2019Air 3, 4 et 5), pour des v\u00e9hicules neufs ou d&rsquo;occasion (Crit&rsquo;Air 1 ou 2, y compris essence, soit des v\u00e9hicules \u00e0 des prix abordables) et pouvant aller jusqu\u2019\u00e0 10 000 euros par foyer.<\/span><\/span><\/p>\n<p align=\"right\"><span style=\"font-family: Calibri, sans-serif;\"><span style=\"font-size: medium;\">Maximilien Thiry<\/span><\/span><\/p>\n","protected":false},"excerpt":{"rendered":"<p>Plus les mois passent et plus les Fran\u00e7ais ont le sentiment que la station-service est le seul endroit o\u00f9 celui qui tient le pistolet est aussi celui qui se fait braquer. Les pleins d&rsquo;essences qui arrivent \u00e0 des presque 2,70\u20ac le litre dans certaines villes deviennent un vrai enfer en particulier pour le travailleur qui [&hellip;]<\/p>\n","protected":false},"author":4,"featured_media":0,"comment_status":"closed","ping_status":"open","sticky":false,"template":"","format":"standard","meta":{"saved_in_kubio":false,"footnotes":""},"categories":[1],"tags":[],"class_list":["post-1611","post","type-post","status-publish","format-standard","hentry","category-non-classe"],"_links":{"self":[{"href":"https:\/\/pcf08.com\/index.php\/wp-json\/wp\/v2\/posts\/1611","targetHints":{"allow":["GET"]}}],"collection":[{"href":"https:\/\/pcf08.com\/index.php\/wp-json\/wp\/v2\/posts"}],"about":[{"href":"https:\/\/pcf08.com\/index.php\/wp-json\/wp\/v2\/types\/post"}],"author":[{"embeddable":true,"href":"https:\/\/pcf08.com\/index.php\/wp-json\/wp\/v2\/users\/4"}],"replies":[{"embeddable":true,"href":"https:\/\/pcf08.com\/index.php\/wp-json\/wp\/v2\/comments?post=1611"}],"version-history":[{"count":1,"href":"https:\/\/pcf08.com\/index.php\/wp-json\/wp\/v2\/posts\/1611\/revisions"}],"predecessor-version":[{"id":1612,"href":"https:\/\/pcf08.com\/index.php\/wp-json\/wp\/v2\/posts\/1611\/revisions\/1612"}],"wp:attachment":[{"href":"https:\/\/pcf08.com\/index.php\/wp-json\/wp\/v2\/media?parent=1611"}],"wp:term":[{"taxonomy":"category","embeddable":true,"href":"https:\/\/pcf08.com\/index.php\/wp-json\/wp\/v2\/categories?post=1611"},{"taxonomy":"post_tag","embeddable":true,"href":"https:\/\/pcf08.com\/index.php\/wp-json\/wp\/v2\/tags?post=1611"}],"curies":[{"name":"wp","href":"https:\/\/api.w.org\/{rel}","templated":true}]}}