{"id":157,"date":"2020-02-10T22:08:09","date_gmt":"2020-02-10T21:08:09","guid":{"rendered":"http:\/\/pcf08.com\/?p=157"},"modified":"2020-02-10T22:08:09","modified_gmt":"2020-02-10T21:08:09","slug":"le-pcf-a-cent-ans-et-tout-son-dynamisme","status":"publish","type":"post","link":"https:\/\/pcf08.com\/index.php\/2020\/02\/10\/le-pcf-a-cent-ans-et-tout-son-dynamisme\/","title":{"rendered":"Le PCF a cent ans et tout son dynamisme"},"content":{"rendered":"<p class=\"western\" align=\"justify\"><span style=\"font-family: Times New Roman, serif;\"><span style=\"font-size: medium;\"><img loading=\"lazy\" decoding=\"async\" class=\"size-medium wp-image-158 alignleft\" src=\"https:\/\/pcf08.com\/wp-content\/uploads\/2020\/02\/veterans-300x225.jpg\" alt=\"\" width=\"300\" height=\"225\" srcset=\"https:\/\/pcf08.com\/wp-content\/uploads\/2020\/02\/veterans-300x225.jpg 300w, https:\/\/pcf08.com\/wp-content\/uploads\/2020\/02\/veterans-768x576.jpg 768w, https:\/\/pcf08.com\/wp-content\/uploads\/2020\/02\/veterans.jpg 960w\" sizes=\"(max-width: 300px) 100vw, 300px\" \/>Une centaine de convives ont particip\u00e9 le dimanche 2 f\u00e9vrier au repas du PCF en l\u2019honneur des v\u00e9t\u00e9rans. Pr\u00e9par\u00e9 par un collectif anim\u00e9 par Thierry Debaty, cette journ\u00e9e devait tenir toutes ses promesses. Ce fut l\u2019occasion de remettre la carte de v\u00e9t\u00e9rans du PCF (35 ann\u00e9es de cotisations) \u00e0 plusieurs convives.<\/span><\/span><\/p>\n<p class=\"western\" align=\"justify\"><span style=\"font-family: Times New Roman, serif;\"><span style=\"font-size: medium;\">A pr\u00e8s des interventions, notamment celle du Maire de Nouzonville qui nous accueillait, les participants pouvaient d\u00e9couvrir une exposition sur l\u2019Histoire du journal L\u2019Humanit\u00e9. Cette initiative a \u00e9t\u00e9 \u00e9galement l\u2019occasion d\u2019\u00e9voquer le centi\u00e8me anniversaire de la cr\u00e9ation du PCF. Fort de 1\u00a0400 adh\u00e9rents au moment du congr\u00e8s de Tours en 1920 , fondateur du PCF, les militants ardennais avait vot\u00e9 tr\u00e8s majoritairement, pour l\u2019adh\u00e9sion \u00e0 l\u2019Internationale communiste. Ce sont trois d\u00e9l\u00e9gu\u00e9s qui repr\u00e9sentaient les Ardennes (Jardot- Guillardelle et Boutet).<\/span><\/span><\/p>\n<p class=\"western\" align=\"justify\"><span style=\"font-family: Times New Roman, serif;\"><span style=\"font-size: medium;\">L\u2019acte de naissance du PCF \u00e9tait \u00e9crit pour un long engagement dans les luttes et avoir contribu\u00e9 au progr\u00e8s social dans notre pays. Fid\u00e8le \u00e0 son engagement de toujours et en solidarit\u00e9 avec les gr\u00e9vistes qui d\u00e9fendent leur retraite une collecte a \u00e9t\u00e9 organis\u00e9 r\u00e9coltant 650 euros.<\/span><\/span><\/p>\n","protected":false},"excerpt":{"rendered":"<p>Une centaine de convives ont particip\u00e9 le dimanche 2 f\u00e9vrier au repas du PCF en l\u2019honneur des v\u00e9t\u00e9rans. Pr\u00e9par\u00e9 par un collectif anim\u00e9 par Thierry Debaty, cette journ\u00e9e devait tenir toutes ses promesses. Ce fut l\u2019occasion de remettre la carte de v\u00e9t\u00e9rans du PCF (35 ann\u00e9es de cotisations) \u00e0 plusieurs convives. A pr\u00e8s des interventions, [&hellip;]<\/p>\n","protected":false},"author":1,"featured_media":0,"comment_status":"closed","ping_status":"open","sticky":false,"template":"","format":"standard","meta":{"saved_in_kubio":false,"footnotes":""},"categories":[1],"tags":[],"class_list":["post-157","post","type-post","status-publish","format-standard","hentry","category-non-classe"],"_links":{"self":[{"href":"https:\/\/pcf08.com\/index.php\/wp-json\/wp\/v2\/posts\/157","targetHints":{"allow":["GET"]}}],"collection":[{"href":"https:\/\/pcf08.com\/index.php\/wp-json\/wp\/v2\/posts"}],"about":[{"href":"https:\/\/pcf08.com\/index.php\/wp-json\/wp\/v2\/types\/post"}],"author":[{"embeddable":true,"href":"https:\/\/pcf08.com\/index.php\/wp-json\/wp\/v2\/users\/1"}],"replies":[{"embeddable":true,"href":"https:\/\/pcf08.com\/index.php\/wp-json\/wp\/v2\/comments?post=157"}],"version-history":[{"count":1,"href":"https:\/\/pcf08.com\/index.php\/wp-json\/wp\/v2\/posts\/157\/revisions"}],"predecessor-version":[{"id":159,"href":"https:\/\/pcf08.com\/index.php\/wp-json\/wp\/v2\/posts\/157\/revisions\/159"}],"wp:attachment":[{"href":"https:\/\/pcf08.com\/index.php\/wp-json\/wp\/v2\/media?parent=157"}],"wp:term":[{"taxonomy":"category","embeddable":true,"href":"https:\/\/pcf08.com\/index.php\/wp-json\/wp\/v2\/categories?post=157"},{"taxonomy":"post_tag","embeddable":true,"href":"https:\/\/pcf08.com\/index.php\/wp-json\/wp\/v2\/tags?post=157"}],"curies":[{"name":"wp","href":"https:\/\/api.w.org\/{rel}","templated":true}]}}