{"id":154,"date":"2020-02-10T22:02:40","date_gmt":"2020-02-10T21:02:40","guid":{"rendered":"http:\/\/pcf08.com\/?p=154"},"modified":"2020-02-10T22:02:40","modified_gmt":"2020-02-10T21:02:40","slug":"la-bataille-du-logement-social","status":"publish","type":"post","link":"https:\/\/pcf08.com\/index.php\/2020\/02\/10\/la-bataille-du-logement-social\/","title":{"rendered":"La bataille du logement social"},"content":{"rendered":"<p><img loading=\"lazy\" decoding=\"async\" class=\"size-medium wp-image-155 alignleft\" src=\"https:\/\/pcf08.com\/wp-content\/uploads\/2020\/02\/elan-300x150.png\" alt=\"\" width=\"300\" height=\"150\" \/>La loi de finances 2018 comprenait un dispositif de r\u00e9duction de loyer de solidarit\u00e9, ce dispositif a co\u00fbt\u00e9 aux bailleurs sociaux 10% de leurs recettes, leur imposant de rechercher d\u2019autres sources de financement. La loi n\u00b0 2018-1021 du 23 novembre 2018, dite loi \u00ab\u00a0ELAN\u00a0\u00bb pour \u00ab\u00a0l\u2019\u00e9volution du logement, de l\u2019am\u00e9nagement et du num\u00e9rique\u00a0\u00bb, impose aux bailleurs sociaux dont le parc immobilier comprend moins de 12000 logements de fusionner avec un ou plusieurs groupes pour atteindre la taille requise, et ce avant le 1er janvier 2021.<br \/>\nOn constate d\u2019ores et d\u00e9j\u00e0 localement les effets pervers de ces lois\u00a0: au niveau du Conseil D\u00e9partemental, d\u2019aucuns d\u00e9fendent une fusion d\u2019Habitat 08 (bailleur public) avec Espace Habitat (bailleur priv\u00e9 g\u00e9r\u00e9 par le MEDEF), ce qui aurait pour effet de privatiser partiellement, du moins au d\u00e9but, le principal pourvoyeur de logement social. Il y a de toute \u00e9vidence une absence de volont\u00e9 politique de prot\u00e9ger le caract\u00e8re public du logement social\u00a0: Habitat 08 ne construit pas un logement de plus que ce que pr\u00e9voit la loi ANRU (qui stipule qu\u2019il faut d\u00e9molir les logements devenus insalubres, et en reconstruire autant de nouveaux). D\u2019autre part, Habitat 08 ne rach\u00e8te pas de logements, alors qu\u2019il suffirait d\u2019en racheter environ 350 pour atteindre les 12000 logements requis et ainsi pr\u00e9server l\u2019autonomie de la structure. Il est \u00e0 noter que certains membres du conseil d\u2019administration d\u2019Habitat 08 sont aussi par ailleurs promoteurs immobiliers en priv\u00e9, faut-il voir derri\u00e8re les beaux discours sur la pr\u00e9servation de l\u2019unit\u00e9 des territoires, qui cautionnent la fusion avec Espace Habitat, la d\u00e9fense d\u2019int\u00e9r\u00eats priv\u00e9s\u00a0? On peut l\u00e9gitimement se poser la question.<br \/>\nLa CNL pour sa part est fermement oppos\u00e9e \u00e0 la fusion, ainsi qu\u2019\u00e0 la loi ELAN qui pourrait bien, faute de combat politique, signer l\u2019arr\u00eat de mort du logement social sur fonds publics.<br \/>\nDerni\u00e8rement, en conseil d\u2019administration d\u2019Habitat 08, la cr\u00e9ation d\u2019une soci\u00e9t\u00e9 de coop\u00e9ration-coordination a \u00e9t\u00e9 \u00e9voqu\u00e9e, cette structure devrait \u00eatre charg\u00e9e de piloter un \u00e9ventuel rapprochement entre Habitat 08 et Espace Habitat, n\u00e9anmoins jusqu\u2019\u00e0 pr\u00e9sent, aucune d\u00e9cision n\u2019a \u00e9t\u00e9 act\u00e9e.<\/p>\n","protected":false},"excerpt":{"rendered":"<p>La loi de finances 2018 comprenait un dispositif de r\u00e9duction de loyer de solidarit\u00e9, ce dispositif a co\u00fbt\u00e9 aux bailleurs sociaux 10% de leurs recettes, leur imposant de rechercher d\u2019autres sources de financement. La loi n\u00b0 2018-1021 du 23 novembre 2018, dite loi \u00ab\u00a0ELAN\u00a0\u00bb pour \u00ab\u00a0l\u2019\u00e9volution du logement, de l\u2019am\u00e9nagement et du num\u00e9rique\u00a0\u00bb, impose aux [&hellip;]<\/p>\n","protected":false},"author":1,"featured_media":0,"comment_status":"closed","ping_status":"open","sticky":false,"template":"","format":"standard","meta":{"saved_in_kubio":false,"footnotes":""},"categories":[1],"tags":[],"class_list":["post-154","post","type-post","status-publish","format-standard","hentry","category-non-classe"],"_links":{"self":[{"href":"https:\/\/pcf08.com\/index.php\/wp-json\/wp\/v2\/posts\/154","targetHints":{"allow":["GET"]}}],"collection":[{"href":"https:\/\/pcf08.com\/index.php\/wp-json\/wp\/v2\/posts"}],"about":[{"href":"https:\/\/pcf08.com\/index.php\/wp-json\/wp\/v2\/types\/post"}],"author":[{"embeddable":true,"href":"https:\/\/pcf08.com\/index.php\/wp-json\/wp\/v2\/users\/1"}],"replies":[{"embeddable":true,"href":"https:\/\/pcf08.com\/index.php\/wp-json\/wp\/v2\/comments?post=154"}],"version-history":[{"count":1,"href":"https:\/\/pcf08.com\/index.php\/wp-json\/wp\/v2\/posts\/154\/revisions"}],"predecessor-version":[{"id":156,"href":"https:\/\/pcf08.com\/index.php\/wp-json\/wp\/v2\/posts\/154\/revisions\/156"}],"wp:attachment":[{"href":"https:\/\/pcf08.com\/index.php\/wp-json\/wp\/v2\/media?parent=154"}],"wp:term":[{"taxonomy":"category","embeddable":true,"href":"https:\/\/pcf08.com\/index.php\/wp-json\/wp\/v2\/categories?post=154"},{"taxonomy":"post_tag","embeddable":true,"href":"https:\/\/pcf08.com\/index.php\/wp-json\/wp\/v2\/tags?post=154"}],"curies":[{"name":"wp","href":"https:\/\/api.w.org\/{rel}","templated":true}]}}