{"id":1502,"date":"2022-01-27T11:09:41","date_gmt":"2022-01-27T10:09:41","guid":{"rendered":"http:\/\/pcf08.com\/?p=1502"},"modified":"2022-01-27T11:09:41","modified_gmt":"2022-01-27T10:09:41","slug":"augmenter-les-salaires","status":"publish","type":"post","link":"https:\/\/pcf08.com\/index.php\/2022\/01\/27\/augmenter-les-salaires\/","title":{"rendered":"Augmenter les SALAIRES\u00a0!"},"content":{"rendered":"<p align=\"justify\"><span style=\"font-family: Times New Roman, serif;\"><span style=\"font-size: medium;\">Ch\u00e8que \u00e9nergie, ch\u00e8que inflation, prime d\u2019activit\u00e9, heures suppl\u00e9mentaires d\u00e9fiscalis\u00e9es\u2026<\/span><\/span><\/p>\n<p align=\"justify\"><span style=\"font-family: Times New Roman, serif;\"><span style=\"font-size: medium;\">Certes, tous ces dispositifs am\u00e9liorent ponctuellement le pouvoir d\u2019achat mais ne valent en aucun cas une augmentation des salaires.<\/span><\/span><\/p>\n<p align=\"justify\"><span style=\"font-family: Times New Roman, serif;\"><span style=\"font-size: medium;\">Il y en a qui ont la comprenette un peu longuette mais qui font plut\u00f4t semblant de ne pas comprendre car ils ne veulent en aucun cas partager avec les salari\u00e9s les richesses produites.<\/span><\/span><\/p>\n<p align=\"justify\"><span style=\"font-family: Times New Roman, serif;\"><span style=\"font-size: medium;\">\u00c9videmment, augmenter les salaires, c\u2019est un choix politique.<\/span><\/span><\/p>\n<p align=\"justify\"><span style=\"font-family: Times New Roman, serif;\"><span style=\"font-size: medium;\">Le capital est tr\u00e8s imaginatif, \u00e0 l\u2019image du pr\u00e9sident de la R\u00e9publique qui offre la possibilit\u00e9 aux consommateurs d\u00e9j\u00e0 en difficult\u00e9 d\u2019augmenter le revenu des salari\u00e9(e)s de la restauration en d\u00e9fiscalisant les pourboires pay\u00e9s par carte bancaire !<\/span><\/span><\/p>\n<p align=\"justify\"><span style=\"font-family: Times New Roman, serif;\"><span style=\"font-size: medium;\">Derni\u00e8rement, un restaurateur Narbonnais, \u00e0 grands coups de communication des m\u00e9dias qu\u2019elles soient priv\u00e9es ou publiques a annonc\u00e9 l\u2019augmentation de la r\u00e9mun\u00e9ration de 30\u00a0% de ses salari\u00e9(e)s \u00e0 coup de prime \u00e0 l\u2019int\u00e9ressement et en la r\u00e9percutant sur le prix du menu qui va augmenter de 5 euros\u00a0!!! Merci aux clients\u00a0!! Quelle mauvaise blague\u00a0!<\/span><\/span><\/p>\n<p align=\"justify\"><span style=\"font-family: Times New Roman, serif;\"><span style=\"font-size: medium;\">Dans son programme, Fabien Roussel, le candidat des Jours Heureux, opte LUI, pour une v\u00e9ritable augmentation du salaire \u00e0 l\u2019image du passage du SMIC \u00e0 1800 euros BRUT par mois. \u00c7a veut dire quoi BRUT pour celles et ceux qui font semblant de ne pas comprendre\u00a0?<\/span><\/span><\/p>\n<p align=\"justify\"><span style=\"font-family: Times New Roman, serif;\"><span style=\"font-size: medium;\">L\u2019augmentation des salaires doit comprendre l\u2019augmentation du salaire diff\u00e9r\u00e9.<\/span><\/span><\/p>\n<p align=\"justify\"><span style=\"font-family: Times New Roman, serif;\"><span style=\"font-size: medium;\">Le salaire diff\u00e9r\u00e9 appartient au salari\u00e9 et finance la Protection Sociale et notamment les retraites <\/span><span style=\"font-size: medium;\">par r\u00e9partition<\/span><span style=\"font-size: medium;\">. Plus un salari\u00e9 cotise, meilleure sera sa pension quand il partira \u00e0 la retraite \u00e0 60 ans \u00e0 taux plein\u00a0! La protection sociale c\u2019est \u00e9galement la S\u00e9curit\u00e9 Sociale avec la branche familles et les allocations familiales, la branche maladie (maternit\u00e9\u00a0, invalidit\u00e9, d\u00e9c\u00e8s), les maladies professionnelles et les accidents du travail.<\/span><\/span><\/p>\n<p align=\"justify\"><span style=\"font-family: Times New Roman, serif;\"><span style=\"font-size: medium;\">Les primes, les ch\u00e8ques, financ\u00e9s avec NOTRE argent ne sont que des pourboires non p\u00e9rennes qui peuvent \u00eatre revus \u00e0 la hausse, \u00e0 la baisse ou dispara\u00eetre \u00e0 tout moment.<\/span><\/span><\/p>\n<p align=\"justify\"><span style=\"font-family: Times New Roman, serif;\"><span style=\"font-size: medium;\">Alors, il n\u2019y a qu\u2019une solution\u00a0: AUGMENTER LES SALAIRES, la seule bonne mesure pour le pouvoir de vivre dignement\u00a0! Cet article peut vous para\u00eetre une redite mais tr\u00e8s utile en ces temps de campagne \u00e9lectorale o\u00f9 les fausses informations gouvernementales et politiques pullulent, relay\u00e9es par des m\u00e9dias aux ordres<\/span><\/span><\/p>\n<p align=\"right\"><span style=\"font-family: Times New Roman, serif;\"><span style=\"font-size: medium;\"><i><b>Corine Postal <\/b><\/i><\/span><\/span><\/p>\n","protected":false},"excerpt":{"rendered":"<p>Ch\u00e8que \u00e9nergie, ch\u00e8que inflation, prime d\u2019activit\u00e9, heures suppl\u00e9mentaires d\u00e9fiscalis\u00e9es\u2026 Certes, tous ces dispositifs am\u00e9liorent ponctuellement le pouvoir d\u2019achat mais ne valent en aucun cas une augmentation des salaires. Il y en a qui ont la comprenette un peu longuette mais qui font plut\u00f4t semblant de ne pas comprendre car ils ne veulent en aucun cas [&hellip;]<\/p>\n","protected":false},"author":4,"featured_media":0,"comment_status":"closed","ping_status":"open","sticky":false,"template":"","format":"standard","meta":{"saved_in_kubio":false,"footnotes":""},"categories":[1],"tags":[],"class_list":["post-1502","post","type-post","status-publish","format-standard","hentry","category-non-classe"],"_links":{"self":[{"href":"https:\/\/pcf08.com\/index.php\/wp-json\/wp\/v2\/posts\/1502","targetHints":{"allow":["GET"]}}],"collection":[{"href":"https:\/\/pcf08.com\/index.php\/wp-json\/wp\/v2\/posts"}],"about":[{"href":"https:\/\/pcf08.com\/index.php\/wp-json\/wp\/v2\/types\/post"}],"author":[{"embeddable":true,"href":"https:\/\/pcf08.com\/index.php\/wp-json\/wp\/v2\/users\/4"}],"replies":[{"embeddable":true,"href":"https:\/\/pcf08.com\/index.php\/wp-json\/wp\/v2\/comments?post=1502"}],"version-history":[{"count":1,"href":"https:\/\/pcf08.com\/index.php\/wp-json\/wp\/v2\/posts\/1502\/revisions"}],"predecessor-version":[{"id":1503,"href":"https:\/\/pcf08.com\/index.php\/wp-json\/wp\/v2\/posts\/1502\/revisions\/1503"}],"wp:attachment":[{"href":"https:\/\/pcf08.com\/index.php\/wp-json\/wp\/v2\/media?parent=1502"}],"wp:term":[{"taxonomy":"category","embeddable":true,"href":"https:\/\/pcf08.com\/index.php\/wp-json\/wp\/v2\/categories?post=1502"},{"taxonomy":"post_tag","embeddable":true,"href":"https:\/\/pcf08.com\/index.php\/wp-json\/wp\/v2\/tags?post=1502"}],"curies":[{"name":"wp","href":"https:\/\/api.w.org\/{rel}","templated":true}]}}