{"id":150,"date":"2020-02-10T21:57:03","date_gmt":"2020-02-10T20:57:03","guid":{"rendered":"http:\/\/pcf08.com\/?p=150"},"modified":"2020-02-10T21:57:03","modified_gmt":"2020-02-10T20:57:03","slug":"municipales-des-allies-encombrants","status":"publish","type":"post","link":"https:\/\/pcf08.com\/index.php\/2020\/02\/10\/municipales-des-allies-encombrants\/","title":{"rendered":"Municipales, des alli\u00e9s encombrants"},"content":{"rendered":"<p class=\"western\" align=\"justify\"><span style=\"color: #1c1e21;\"><img loading=\"lazy\" decoding=\"async\" class=\"size-medium wp-image-151 alignleft\" src=\"https:\/\/pcf08.com\/wp-content\/uploads\/2020\/02\/municipale-300x287.jpg\" alt=\"\" width=\"300\" height=\"287\" \/>En d\u00e9voilant leurs listes pour les \u00e9lections municipales, Ravignon (Charleville-M\u00e9zi\u00e8res) et Herbillon (Sedan) n\u2019ont pas pu cacher que plusieurs membres sont adh\u00e9rents dans des partis politiques de droite, \u00e0 commencer par la R\u00e9publique en Marche (LREM) le parti de Macron le casseur des retraites\u2026.Pour se justifier ils s\u2019abritent derri\u00e8re l\u2019argument \u00e9cul\u00e9 du \u00ab\u00a0ni droite ni gauche\u00a0\u00bb. Mais si on regarde de plus pr\u00e8s les diff\u00e9rents noms on rema<\/span><span style=\"color: #1c1e21;\">rque vite que tous les responsables politiques de droite (Les R\u00e9publicains, LREM,Modem\u2026.) sont en bonne position sur leurs listes. Lui m\u00eame, Ravignon n\u2019est pas, quoi qu\u2019il en dise, sans appartenance politique. Il milite depuis de nombreuses ann\u00e9es aux R\u00e9publicains (ex UMP).<\/span><\/p>\n<p align=\"justify\">Ce rappel n\u2019est pas fait pour entrer dans une pol\u00e9mique st\u00e9rile mais pour r\u00e9tablir la v\u00e9rit\u00e9 vis \u00e0 vis des \u00e9lecteurs. La droite a, sur le territoire national, la m\u00eame finalit\u00e9, casse des services publics et par la m\u00eame occasion contribuer au d\u00e9mant\u00e8lement des collectivit\u00e9s. Il faut mieux savoir \u00e0 qui on a affaire avant d&rsquo;aller voter. Un peu d\u2019honn\u00eatet\u00e9 n\u2019a jamais fait de mal \u00e0 personne.<\/p>\n","protected":false},"excerpt":{"rendered":"<p>En d\u00e9voilant leurs listes pour les \u00e9lections municipales, Ravignon (Charleville-M\u00e9zi\u00e8res) et Herbillon (Sedan) n\u2019ont pas pu cacher que plusieurs membres sont adh\u00e9rents dans des partis politiques de droite, \u00e0 commencer par la R\u00e9publique en Marche (LREM) le parti de Macron le casseur des retraites\u2026.Pour se justifier ils s\u2019abritent derri\u00e8re l\u2019argument \u00e9cul\u00e9 du \u00ab\u00a0ni droite ni [&hellip;]<\/p>\n","protected":false},"author":1,"featured_media":0,"comment_status":"closed","ping_status":"open","sticky":false,"template":"","format":"standard","meta":{"saved_in_kubio":false,"footnotes":""},"categories":[1],"tags":[],"class_list":["post-150","post","type-post","status-publish","format-standard","hentry","category-non-classe"],"_links":{"self":[{"href":"https:\/\/pcf08.com\/index.php\/wp-json\/wp\/v2\/posts\/150","targetHints":{"allow":["GET"]}}],"collection":[{"href":"https:\/\/pcf08.com\/index.php\/wp-json\/wp\/v2\/posts"}],"about":[{"href":"https:\/\/pcf08.com\/index.php\/wp-json\/wp\/v2\/types\/post"}],"author":[{"embeddable":true,"href":"https:\/\/pcf08.com\/index.php\/wp-json\/wp\/v2\/users\/1"}],"replies":[{"embeddable":true,"href":"https:\/\/pcf08.com\/index.php\/wp-json\/wp\/v2\/comments?post=150"}],"version-history":[{"count":1,"href":"https:\/\/pcf08.com\/index.php\/wp-json\/wp\/v2\/posts\/150\/revisions"}],"predecessor-version":[{"id":152,"href":"https:\/\/pcf08.com\/index.php\/wp-json\/wp\/v2\/posts\/150\/revisions\/152"}],"wp:attachment":[{"href":"https:\/\/pcf08.com\/index.php\/wp-json\/wp\/v2\/media?parent=150"}],"wp:term":[{"taxonomy":"category","embeddable":true,"href":"https:\/\/pcf08.com\/index.php\/wp-json\/wp\/v2\/categories?post=150"},{"taxonomy":"post_tag","embeddable":true,"href":"https:\/\/pcf08.com\/index.php\/wp-json\/wp\/v2\/tags?post=150"}],"curies":[{"name":"wp","href":"https:\/\/api.w.org\/{rel}","templated":true}]}}