{"id":1497,"date":"2022-01-27T11:06:48","date_gmt":"2022-01-27T10:06:48","guid":{"rendered":"http:\/\/pcf08.com\/?p=1497"},"modified":"2022-01-27T11:06:48","modified_gmt":"2022-01-27T10:06:48","slug":"communique-de-presse-manifestation-du-27-janvier","status":"publish","type":"post","link":"https:\/\/pcf08.com\/index.php\/2022\/01\/27\/communique-de-presse-manifestation-du-27-janvier\/","title":{"rendered":"Communiqu\u00e9 de presse\u00a0\u00a0 Manifestation du 27 janvier"},"content":{"rendered":"<p align=\"justify\"><span style=\"font-family: Times New Roman, serif;\"><span style=\"font-size: medium;\">Ce jeudi 27 janvier, les communistes seront \u00e0 la manifestation intersyndicale d\u00e8s 13h30 \u00e0 la pr\u00e9fecture de Charleville-M\u00e9zi\u00e8res. Nous appelons l\u2019ensemble des salari\u00e9s \u00e0 se mobiliser pour une augmentation g\u00e9n\u00e9rale des salaires et pour de meilleures conditions de travail.<br \/>\nDans cette p\u00e9riode particuli\u00e8re, o\u00f9 la pauvret\u00e9 explose, o\u00f9 les prix flambent \u00e0 commencer par ceux de l\u2019\u00e9lectricit\u00e9, du gaz et du carburant, nous tenons \u00e0 affirmer qu\u2019un pays fort est un pays o\u00f9 chacun peut vivre dignement de son travail.<\/span><\/span><\/p>\n<p align=\"justify\"><span style=\"font-family: Times New Roman, serif;\"><span style=\"font-size: medium;\">Aussi, ce sera l\u2019occasion pour nous de rappeler la n\u00e9cessit\u00e9 de r\u00e9industrialiser et de relocaliser les productions en France. Apr\u00e8s les scandales de CEVITAL et de Mercier, apr\u00e8s les r\u00e9centes annonces bien malheureuses pour les ouvriers de Tr\u00e9fim\u00e9taux, et en cette p\u00e9riode de NAO (N\u00e9gociation annuelle obligatoire), nous soutenons pleinement les revendications des salari\u00e9s. Cela passe notamment par la participation massive \u00e0 cette manifestation.<\/span><\/span><\/p>\n<p align=\"right\"><span style=\"font-family: Times New Roman, serif;\"><span style=\"font-size: medium;\"><i>Le Comit\u00e9 Ex\u00e9cutif<br \/>\nF\u00e9d\u00e9ration des Ardennes du PCF<\/i><\/span><\/span><\/p>\n","protected":false},"excerpt":{"rendered":"<p>Ce jeudi 27 janvier, les communistes seront \u00e0 la manifestation intersyndicale d\u00e8s 13h30 \u00e0 la pr\u00e9fecture de Charleville-M\u00e9zi\u00e8res. Nous appelons l\u2019ensemble des salari\u00e9s \u00e0 se mobiliser pour une augmentation g\u00e9n\u00e9rale des salaires et pour de meilleures conditions de travail. Dans cette p\u00e9riode particuli\u00e8re, o\u00f9 la pauvret\u00e9 explose, o\u00f9 les prix flambent \u00e0 commencer par ceux [&hellip;]<\/p>\n","protected":false},"author":4,"featured_media":0,"comment_status":"closed","ping_status":"open","sticky":false,"template":"","format":"standard","meta":{"saved_in_kubio":false,"footnotes":""},"categories":[1],"tags":[],"class_list":["post-1497","post","type-post","status-publish","format-standard","hentry","category-non-classe"],"_links":{"self":[{"href":"https:\/\/pcf08.com\/index.php\/wp-json\/wp\/v2\/posts\/1497","targetHints":{"allow":["GET"]}}],"collection":[{"href":"https:\/\/pcf08.com\/index.php\/wp-json\/wp\/v2\/posts"}],"about":[{"href":"https:\/\/pcf08.com\/index.php\/wp-json\/wp\/v2\/types\/post"}],"author":[{"embeddable":true,"href":"https:\/\/pcf08.com\/index.php\/wp-json\/wp\/v2\/users\/4"}],"replies":[{"embeddable":true,"href":"https:\/\/pcf08.com\/index.php\/wp-json\/wp\/v2\/comments?post=1497"}],"version-history":[{"count":1,"href":"https:\/\/pcf08.com\/index.php\/wp-json\/wp\/v2\/posts\/1497\/revisions"}],"predecessor-version":[{"id":1498,"href":"https:\/\/pcf08.com\/index.php\/wp-json\/wp\/v2\/posts\/1497\/revisions\/1498"}],"wp:attachment":[{"href":"https:\/\/pcf08.com\/index.php\/wp-json\/wp\/v2\/media?parent=1497"}],"wp:term":[{"taxonomy":"category","embeddable":true,"href":"https:\/\/pcf08.com\/index.php\/wp-json\/wp\/v2\/categories?post=1497"},{"taxonomy":"post_tag","embeddable":true,"href":"https:\/\/pcf08.com\/index.php\/wp-json\/wp\/v2\/tags?post=1497"}],"curies":[{"name":"wp","href":"https:\/\/api.w.org\/{rel}","templated":true}]}}