{"id":1490,"date":"2022-01-20T14:39:05","date_gmt":"2022-01-20T13:39:05","guid":{"rendered":"http:\/\/pcf08.com\/?p=1490"},"modified":"2022-01-20T14:39:05","modified_gmt":"2022-01-20T13:39:05","slug":"nucleaire-chooz-a-larret","status":"publish","type":"post","link":"https:\/\/pcf08.com\/index.php\/2022\/01\/20\/nucleaire-chooz-a-larret\/","title":{"rendered":"Nucl\u00e9aire, Chooz \u00e0 l\u2019arr\u00eat"},"content":{"rendered":"<p align=\"justify\"><span style=\"font-size: small;\"><img loading=\"lazy\" decoding=\"async\" class=\"size-medium wp-image-1491 alignright\" src=\"https:\/\/pcf08.com\/wp-content\/uploads\/2022\/01\/chooz-32935-2_w1000-300x225.jpg\" alt=\"\" width=\"300\" height=\"225\" \/>L\u2019existence des centrales nucl\u00e9aires est un sujet qui s\u2019invite dans le d\u00e9bat de la pr\u00e9sidentielle. Sur les 56 r\u00e9acteurs fran\u00e7ais, notre d\u00e9partement en compte 2 situ\u00e9s \u00e0 Chooz \u00e0 cot\u00e9 de Givet. Ceux-ci sont pour l\u2019instant ferm\u00e9s pour plusieurs mois en raison de travaux d\u2019entretien. En France le nucl\u00e9aire produit 67% de l\u2019\u00e9lectricit\u00e9 que nous consommons. En raison du vieillissement des centrales nucl\u00e9aires plusieurs sites sont \u00e0 l\u2019arr\u00eat ce qui rend fragile notre approvisionnement en \u00e9nergie pour cet hiver. Le nucl\u00e9aire a permis pendant toutes ces ann\u00e9es notre ind\u00e9pendance \u00e9nerg\u00e9tique.<\/span><\/p>\n<p align=\"justify\"><span style=\"font-size: small;\">Aujourd\u2019hui le d\u00e9bat sur le nucl\u00e9aire oscille entre d\u00e9magogie et propositions irr\u00e9alistes. Ainsi, plusieurs candidats \u00e0 la pr\u00e9sidentielle proposent de r\u00e9duire \u00e0 50% la part d\u2019\u00e9lectricit\u00e9 issue du nucl\u00e9aire. Cet objectif est inatteignable. En 2020 la production d\u2019\u00e9lectricit\u00e9 par le solaire ne repr\u00e9sentait que 2,5% et 7,9% pour l\u2019\u00e9olien. L\u2019exemple de l\u2019Allemagne est \u00e9difiant. Ils sont en train de sortir du nucl\u00e9aire sans avoir mis en place une production alternative fiable. Dans notre pays le gouvernement ambitionne lui de d\u00e9manteler l\u2019entreprise publique EDF. Il propose un projet baptis\u00e9 \u00ab\u00a0Hercule\u00a0\u00bb qui consisterait \u00e0 privatiser la production d\u2019\u00e9lectricit\u00e9. Cela s\u2019effectuant sur un fond de hausse consid\u00e9rable du co\u00fbt de l\u2019\u00e9lectricit\u00e9 pour les particuliers. D\u2019ores et d\u00e9j\u00e0 les \u00e9lus communistes se mobilisent, aux cot\u00e9s des salari\u00e9s, pour mettre en \u00e9chec ce projet.<\/span><\/p>\n<p align=\"justify\"><span style=\"font-size: small;\">A notre \u00e9chelle nous pouvons agir. L\u2019exemple de la modernisation des barrages sur la Meuse est significatif du double langage. Sur 23 barrages seulement 11 sont coupl\u00e9s avec une centrale hydro\u00e9lectrique. <\/span><\/p>\n<p style=\"text-align: right;\" align=\"justify\"><span style=\"font-size: small;\">Sylvain DALLA ROSA<\/span><\/p>\n","protected":false},"excerpt":{"rendered":"<p>L\u2019existence des centrales nucl\u00e9aires est un sujet qui s\u2019invite dans le d\u00e9bat de la pr\u00e9sidentielle. Sur les 56 r\u00e9acteurs fran\u00e7ais, notre d\u00e9partement en compte 2 situ\u00e9s \u00e0 Chooz \u00e0 cot\u00e9 de Givet. Ceux-ci sont pour l\u2019instant ferm\u00e9s pour plusieurs mois en raison de travaux d\u2019entretien. En France le nucl\u00e9aire produit 67% de l\u2019\u00e9lectricit\u00e9 que nous [&hellip;]<\/p>\n","protected":false},"author":4,"featured_media":0,"comment_status":"closed","ping_status":"open","sticky":false,"template":"","format":"standard","meta":{"saved_in_kubio":false,"footnotes":""},"categories":[1],"tags":[],"class_list":["post-1490","post","type-post","status-publish","format-standard","hentry","category-non-classe"],"_links":{"self":[{"href":"https:\/\/pcf08.com\/index.php\/wp-json\/wp\/v2\/posts\/1490","targetHints":{"allow":["GET"]}}],"collection":[{"href":"https:\/\/pcf08.com\/index.php\/wp-json\/wp\/v2\/posts"}],"about":[{"href":"https:\/\/pcf08.com\/index.php\/wp-json\/wp\/v2\/types\/post"}],"author":[{"embeddable":true,"href":"https:\/\/pcf08.com\/index.php\/wp-json\/wp\/v2\/users\/4"}],"replies":[{"embeddable":true,"href":"https:\/\/pcf08.com\/index.php\/wp-json\/wp\/v2\/comments?post=1490"}],"version-history":[{"count":1,"href":"https:\/\/pcf08.com\/index.php\/wp-json\/wp\/v2\/posts\/1490\/revisions"}],"predecessor-version":[{"id":1492,"href":"https:\/\/pcf08.com\/index.php\/wp-json\/wp\/v2\/posts\/1490\/revisions\/1492"}],"wp:attachment":[{"href":"https:\/\/pcf08.com\/index.php\/wp-json\/wp\/v2\/media?parent=1490"}],"wp:term":[{"taxonomy":"category","embeddable":true,"href":"https:\/\/pcf08.com\/index.php\/wp-json\/wp\/v2\/categories?post=1490"},{"taxonomy":"post_tag","embeddable":true,"href":"https:\/\/pcf08.com\/index.php\/wp-json\/wp\/v2\/tags?post=1490"}],"curies":[{"name":"wp","href":"https:\/\/api.w.org\/{rel}","templated":true}]}}