{"id":1483,"date":"2022-01-20T14:35:01","date_gmt":"2022-01-20T13:35:01","guid":{"rendered":"http:\/\/pcf08.com\/?p=1483"},"modified":"2022-01-20T14:35:01","modified_gmt":"2022-01-20T13:35:01","slug":"jinvestis-dans-lavenir-je-finance-la-campagne-2","status":"publish","type":"post","link":"https:\/\/pcf08.com\/index.php\/2022\/01\/20\/jinvestis-dans-lavenir-je-finance-la-campagne-2\/","title":{"rendered":"J\u2019investis dans l\u2019avenir ! Je finance la campagne\u00a0!"},"content":{"rendered":"<p align=\"justify\"><span style=\"font-size: small;\"><img loading=\"lazy\" decoding=\"async\" class=\"size-medium wp-image-1485 alignleft\" src=\"https:\/\/pcf08.com\/wp-content\/uploads\/2022\/01\/afficheofficielle-F.-Roussel-300x300.jpg\" alt=\"\" width=\"300\" height=\"300\" srcset=\"https:\/\/pcf08.com\/wp-content\/uploads\/2022\/01\/afficheofficielle-F.-Roussel-300x300.jpg 300w, https:\/\/pcf08.com\/wp-content\/uploads\/2022\/01\/afficheofficielle-F.-Roussel-1024x1024.jpg 1024w, https:\/\/pcf08.com\/wp-content\/uploads\/2022\/01\/afficheofficielle-F.-Roussel-150x150.jpg 150w, https:\/\/pcf08.com\/wp-content\/uploads\/2022\/01\/afficheofficielle-F.-Roussel-768x768.jpg 768w, https:\/\/pcf08.com\/wp-content\/uploads\/2022\/01\/afficheofficielle-F.-Roussel.jpg 1080w\" sizes=\"(max-width: 300px) 100vw, 300px\" \/>Pour participer au financement de la campagne pr\u00e9sidentielle, c\u2019est simple\u00a0: j\u2019\u00e9tablis un ch\u00e8que \u00e0 l\u2019ordre de\u00a0: \u00ab\u00a0ADF-PCF 08\u00a0\u00bb et je l\u2019envoie \u00e0 la<\/span><\/p>\n<p align=\"center\"><span style=\"font-size: small;\">F\u00e9d\u00e9ration des Ardennes du PCF<\/span><\/p>\n<p align=\"center\"><span style=\"font-size: small;\">18, rue de l\u2019arquebuse<\/span><\/p>\n<p align=\"center\"><span style=\"font-size: small;\">08000 CHARLEVILLE-M\u00c9ZI\u00c8RES <\/span><\/p>\n<p align=\"center\"><span style=\"font-size: medium;\"><b>Gagnons la bataille financi\u00e8re\u00a0! <\/b><\/span><\/p>\n<p align=\"center\"><span style=\"font-size: small;\">Notre F\u00e9d\u00e9ration s\u2019est donn\u00e9 comme objectif de r\u00e9unir 5000 \u20ac.<\/span><\/p>\n<p align=\"center\"><span style=\"font-size: small;\">1070 \u20ac ont d\u00e9j\u00e0 \u00e9t\u00e9 vers\u00e9s par Monique D.- Alain et Anna J.- Mich\u00e8le L.- Thierry D.- Alain et Mauricette J.- Josiane G. <\/span><\/p>\n<p align=\"center\"><span style=\"font-size: small;\">Faites comme eux.<\/span><\/p>\n","protected":false},"excerpt":{"rendered":"<p>Pour participer au financement de la campagne pr\u00e9sidentielle, c\u2019est simple\u00a0: j\u2019\u00e9tablis un ch\u00e8que \u00e0 l\u2019ordre de\u00a0: \u00ab\u00a0ADF-PCF 08\u00a0\u00bb et je l\u2019envoie \u00e0 la F\u00e9d\u00e9ration des Ardennes du PCF 18, rue de l\u2019arquebuse 08000 CHARLEVILLE-M\u00c9ZI\u00c8RES Gagnons la bataille financi\u00e8re\u00a0! Notre F\u00e9d\u00e9ration s\u2019est donn\u00e9 comme objectif de r\u00e9unir 5000 \u20ac. 1070 \u20ac ont d\u00e9j\u00e0 \u00e9t\u00e9 vers\u00e9s par [&hellip;]<\/p>\n","protected":false},"author":4,"featured_media":0,"comment_status":"closed","ping_status":"open","sticky":false,"template":"","format":"standard","meta":{"saved_in_kubio":false,"footnotes":""},"categories":[1],"tags":[],"class_list":["post-1483","post","type-post","status-publish","format-standard","hentry","category-non-classe"],"_links":{"self":[{"href":"https:\/\/pcf08.com\/index.php\/wp-json\/wp\/v2\/posts\/1483","targetHints":{"allow":["GET"]}}],"collection":[{"href":"https:\/\/pcf08.com\/index.php\/wp-json\/wp\/v2\/posts"}],"about":[{"href":"https:\/\/pcf08.com\/index.php\/wp-json\/wp\/v2\/types\/post"}],"author":[{"embeddable":true,"href":"https:\/\/pcf08.com\/index.php\/wp-json\/wp\/v2\/users\/4"}],"replies":[{"embeddable":true,"href":"https:\/\/pcf08.com\/index.php\/wp-json\/wp\/v2\/comments?post=1483"}],"version-history":[{"count":2,"href":"https:\/\/pcf08.com\/index.php\/wp-json\/wp\/v2\/posts\/1483\/revisions"}],"predecessor-version":[{"id":1486,"href":"https:\/\/pcf08.com\/index.php\/wp-json\/wp\/v2\/posts\/1483\/revisions\/1486"}],"wp:attachment":[{"href":"https:\/\/pcf08.com\/index.php\/wp-json\/wp\/v2\/media?parent=1483"}],"wp:term":[{"taxonomy":"category","embeddable":true,"href":"https:\/\/pcf08.com\/index.php\/wp-json\/wp\/v2\/categories?post=1483"},{"taxonomy":"post_tag","embeddable":true,"href":"https:\/\/pcf08.com\/index.php\/wp-json\/wp\/v2\/tags?post=1483"}],"curies":[{"name":"wp","href":"https:\/\/api.w.org\/{rel}","templated":true}]}}