{"id":1479,"date":"2022-01-20T14:31:31","date_gmt":"2022-01-20T13:31:31","guid":{"rendered":"http:\/\/pcf08.com\/?p=1479"},"modified":"2022-01-20T14:31:31","modified_gmt":"2022-01-20T13:31:31","slug":"les-femmes-doivent-pouvoir-vivre-et-vivre-dignement","status":"publish","type":"post","link":"https:\/\/pcf08.com\/index.php\/2022\/01\/20\/les-femmes-doivent-pouvoir-vivre-et-vivre-dignement\/","title":{"rendered":"Les femmes doivent pouvoir vivre et vivre dignement"},"content":{"rendered":"<p align=\"justify\"><span style=\"font-size: medium;\">113 f\u00e9minicides en 2021, d\u00e9j\u00e0 6 de trop en 2022.<\/span><\/p>\n<p align=\"justify\"><span style=\"font-size: medium;\">Durant le mandat du pr\u00e9sident de la R\u00e9publique, deux secr\u00e9taires d\u2019\u00e9tat femmes, charg\u00e9es de l\u2019Egalit\u00e9 entre les femmes et les hommes et de la lutte contre les discriminations, pour quel bilan\u00a0?<\/span><\/p>\n<p align=\"justify\"><span style=\"font-size: medium;\">Quelques avanc\u00e9es mais beaucoup de renoncements pour ces femmes disparues \u00e0 jamais et qui laissent des enfants et des familles dans une d\u00e9tresse irr\u00e9parable\u00a0: chagrin, douleur, les mots sont en de\u00e7\u00e0 des drames et de la r\u00e9alit\u00e9 que doivent affronter celles et ceux qui restent.<\/span><\/p>\n<p align=\"justify\"><span style=\"font-size: medium;\">D\u2019autres violences sont faites aux femmes que nous ne hi\u00e9rarchiserons pas car les domaines sont totalement diff\u00e9rents.<\/span><\/p>\n<p align=\"justify\"><span style=\"font-size: medium;\">Les viols et leur prise en charge encore trop souvent en de\u00e7\u00e0 de la r\u00e9alit\u00e9 v\u00e9cue par ces femmes agress\u00e9es dans la vie quotidienne ou parfois m\u00eame sur leur lieu de travail. Les comportements \u00e0 caract\u00e8re sexiste sont ordinaires\u00a0: propos ou pire, harc\u00e8lement.<\/span><\/p>\n<p align=\"justify\"><span style=\"font-size: medium;\">Heureusement, la parole se lib\u00e8re, les femmes d\u00e9noncent et accusent publiquement et c\u2019est tant mieux\u00a0!<\/span><\/p>\n<p align=\"justify\"><span style=\"font-size: medium;\">Dans le monde du travail, les in\u00e9galit\u00e9s sont flagrantes, salariales en premier lieu.<\/span><\/p>\n<p align=\"justify\"><span style=\"font-size: medium;\">Que ce soit dans les entreprises priv\u00e9es ou la fonction publique, la proportion de femmes occupant des postes d\u2019encadrement ou de direction est tr\u00e8s \u00ab\u00a0limit\u00e9e\u00a0\u00bb et, bien \u00e9videmment, le salaire qui va avec\u00a0!<\/span><\/p>\n<p align=\"justify\"><span style=\"font-size: medium;\">De plus, \u00e0 responsabilit\u00e9 \u00e9gale, les r\u00e9mun\u00e9rations ne le sont pas.<\/span><\/p>\n<p align=\"justify\"><span style=\"font-size: medium;\">L\u2019\u00c9tat ne donne pas l\u2019exemple puisque dans les trois fonctions publiques, la proportion de femmes employ\u00e9es est sup\u00e9rieure \u00e0 celle des hommes et les in\u00e9galit\u00e9s sont les m\u00eames.<\/span><\/p>\n<p align=\"justify\"><span style=\"font-size: medium;\">L\u2019\u00e9galit\u00e9 professionnelle entre les femmes et les hommes a pourtant \u00e9t\u00e9 la \u00ab\u00a0Grande Cause Nationale\u00a0\u00bb du pr\u00e9sident de la R\u00e9publique lors de son discours \u00e0 l\u2019\u00c9lys\u00e9e le 20 novembre 2017\u00a0!\u2026<\/span><\/p>\n<p align=\"justify\"><span style=\"font-size: medium;\">Concernant les \u00e9tudes sup\u00e9rieures ou certaines fili\u00e8res professionnelles, les hommes sont toujours surrepr\u00e9sent\u00e9s par rapport aux femmes.<\/span><\/p>\n<p align=\"justify\"><span style=\"font-size: medium;\">Et ne parlons pas des\u00a0\u00ab\u00a0invisibles\u00a0\u00bb si ch\u00e8res au pr\u00e9sident\u00a0! Sans vouloir en oublier\u00a0: les caissi\u00e8res, les agents d\u2019entretien, les aides \u00e0 domicile, les auxiliaires de vie, les aides-soignantes, les infirmi\u00e8res, les sage-femmes\u2026<\/span><\/p>\n<p align=\"justify\"><span style=\"font-size: medium;\">Toutes ces professions \u00e0 majorit\u00e9 f\u00e9minine sont oubli\u00e9es, m\u00e9pris\u00e9es, maltrait\u00e9es et la crise sanitaire n\u2019y aura rien chang\u00e9.<\/span><\/p>\n<p align=\"justify\"><span style=\"font-size: medium;\">Et, cerise sur le g\u00e2teau, le nouveau pr\u00e9sident de l&rsquo;Union Europ\u00e9enne qui n&rsquo;est autre qu&rsquo;Emmanuel Macron, va devoir travailler avec la nouvelle pr\u00e9sidente au Parlement europ\u00e9en, la maltaise Roberta Metsola, totalement oppos\u00e9e \u00e0 l&rsquo;avortement ! <\/span><\/p>\n<p align=\"justify\"><span style=\"font-size: medium;\">Dans son pays, l&rsquo;interruption volontaire de grossesse est ill\u00e9gale quelques soient les circonstances&#8230; <\/span><\/p>\n<p style=\"text-align: left;\" align=\"center\">Alors, Nous les femmes, restons debout, le poing lev\u00e9 et infligeons un carton rouge au Pr\u00e9sident de la R\u00e9publique!<\/p>\n<p align=\"center\">\n<p align=\"justify\"><span id=\"Cadre5\" dir=\"ltr\"><\/span><span style=\"font-family: Times New Roman, serif;\"><span style=\"font-size: medium;\">!\u00a0<\/span><\/span><\/p>\n","protected":false},"excerpt":{"rendered":"<p>113 f\u00e9minicides en 2021, d\u00e9j\u00e0 6 de trop en 2022. Durant le mandat du pr\u00e9sident de la R\u00e9publique, deux secr\u00e9taires d\u2019\u00e9tat femmes, charg\u00e9es de l\u2019Egalit\u00e9 entre les femmes et les hommes et de la lutte contre les discriminations, pour quel bilan\u00a0? Quelques avanc\u00e9es mais beaucoup de renoncements pour ces femmes disparues \u00e0 jamais et qui [&hellip;]<\/p>\n","protected":false},"author":4,"featured_media":0,"comment_status":"closed","ping_status":"open","sticky":false,"template":"","format":"standard","meta":{"saved_in_kubio":false,"footnotes":""},"categories":[1],"tags":[],"class_list":["post-1479","post","type-post","status-publish","format-standard","hentry","category-non-classe"],"_links":{"self":[{"href":"https:\/\/pcf08.com\/index.php\/wp-json\/wp\/v2\/posts\/1479","targetHints":{"allow":["GET"]}}],"collection":[{"href":"https:\/\/pcf08.com\/index.php\/wp-json\/wp\/v2\/posts"}],"about":[{"href":"https:\/\/pcf08.com\/index.php\/wp-json\/wp\/v2\/types\/post"}],"author":[{"embeddable":true,"href":"https:\/\/pcf08.com\/index.php\/wp-json\/wp\/v2\/users\/4"}],"replies":[{"embeddable":true,"href":"https:\/\/pcf08.com\/index.php\/wp-json\/wp\/v2\/comments?post=1479"}],"version-history":[{"count":1,"href":"https:\/\/pcf08.com\/index.php\/wp-json\/wp\/v2\/posts\/1479\/revisions"}],"predecessor-version":[{"id":1480,"href":"https:\/\/pcf08.com\/index.php\/wp-json\/wp\/v2\/posts\/1479\/revisions\/1480"}],"wp:attachment":[{"href":"https:\/\/pcf08.com\/index.php\/wp-json\/wp\/v2\/media?parent=1479"}],"wp:term":[{"taxonomy":"category","embeddable":true,"href":"https:\/\/pcf08.com\/index.php\/wp-json\/wp\/v2\/categories?post=1479"},{"taxonomy":"post_tag","embeddable":true,"href":"https:\/\/pcf08.com\/index.php\/wp-json\/wp\/v2\/tags?post=1479"}],"curies":[{"name":"wp","href":"https:\/\/api.w.org\/{rel}","templated":true}]}}