{"id":1473,"date":"2022-01-13T11:04:24","date_gmt":"2022-01-13T10:04:24","guid":{"rendered":"http:\/\/pcf08.com\/?p=1473"},"modified":"2022-01-13T11:04:24","modified_gmt":"2022-01-13T10:04:24","slug":"payer-pour-aller-aux-urgences-de-lhopital","status":"publish","type":"post","link":"https:\/\/pcf08.com\/index.php\/2022\/01\/13\/payer-pour-aller-aux-urgences-de-lhopital\/","title":{"rendered":"Payer pour aller aux urgences de l\u2019h\u00f4pital\u00a0!"},"content":{"rendered":"<p align=\"justify\"><span style=\"font-size: small;\">Malgr\u00e9 la persistance de la pand\u00e9mie, le gouvernement a d\u00e9cid\u00e9 de mettre en application au 1<sup>er<\/sup> janvier de cette ann\u00e9e, le forfait patient urgence de pratiquement 20 \u20ac pay\u00e9 par les personnes se rendant aux urgences des h\u00f4pitaux sans que cela ne soit suivi d\u2019hospitalisation.<\/span><\/p>\n<p align=\"justify\"><span style=\"font-size: small;\">Cette mesure p\u00e9nalise particuli\u00e8rement ceux pour qui les urgences repr\u00e9sentaient le recours \u00e0 des soins sans avoir \u00e0 faire l\u2019avance des frais ou pour qui l\u2019acc\u00e8s en urgence \u00e0 un m\u00e9decin g\u00e9n\u00e9raliste est impossible et l\u2019on sait la g\u00e9n\u00e9ralisation des d\u00e9serts sanitaires.<\/span><\/p>\n<p align=\"justify\"><span style=\"font-size: small;\">Elle est dangereuse d\u2019un point de vue sanitaire, risquant de retarder la consultation en cas de signes pr\u00e9curseurs d\u2019un infarctus du myocarde ou d\u2019un accident vasculaire c\u00e9r\u00e9bral par exemple.<\/span><\/p>\n<p align=\"justify\"><span style=\"font-size: small;\">Elle correspond \u00e0 un nouveau transfert de charge de la S\u00e9curit\u00e9 Sociale vers les compl\u00e9mentaires sant\u00e9, toujours en augmentation.<\/span><\/p>\n<p align=\"justify\"><span style=\"font-size: small;\">Et comme le forfait hospitalier, ce forfait urgence a toutes les chances d\u2019augmenter au fur et \u00e0 mesure des ann\u00e9es\u00a0: d\u2019ailleurs il y d\u00e9j\u00e0 pris plus de 8\u00a0% d\u2019augmentation par rapport \u00e0 l\u2019annonce faite pour une mise en application l\u2019ann\u00e9e derni\u00e8re\u00a0!<\/span><\/p>\n","protected":false},"excerpt":{"rendered":"<p>Malgr\u00e9 la persistance de la pand\u00e9mie, le gouvernement a d\u00e9cid\u00e9 de mettre en application au 1er janvier de cette ann\u00e9e, le forfait patient urgence de pratiquement 20 \u20ac pay\u00e9 par les personnes se rendant aux urgences des h\u00f4pitaux sans que cela ne soit suivi d\u2019hospitalisation. Cette mesure p\u00e9nalise particuli\u00e8rement ceux pour qui les urgences repr\u00e9sentaient [&hellip;]<\/p>\n","protected":false},"author":4,"featured_media":0,"comment_status":"closed","ping_status":"open","sticky":false,"template":"","format":"standard","meta":{"saved_in_kubio":false,"footnotes":""},"categories":[1],"tags":[],"class_list":["post-1473","post","type-post","status-publish","format-standard","hentry","category-non-classe"],"_links":{"self":[{"href":"https:\/\/pcf08.com\/index.php\/wp-json\/wp\/v2\/posts\/1473","targetHints":{"allow":["GET"]}}],"collection":[{"href":"https:\/\/pcf08.com\/index.php\/wp-json\/wp\/v2\/posts"}],"about":[{"href":"https:\/\/pcf08.com\/index.php\/wp-json\/wp\/v2\/types\/post"}],"author":[{"embeddable":true,"href":"https:\/\/pcf08.com\/index.php\/wp-json\/wp\/v2\/users\/4"}],"replies":[{"embeddable":true,"href":"https:\/\/pcf08.com\/index.php\/wp-json\/wp\/v2\/comments?post=1473"}],"version-history":[{"count":1,"href":"https:\/\/pcf08.com\/index.php\/wp-json\/wp\/v2\/posts\/1473\/revisions"}],"predecessor-version":[{"id":1474,"href":"https:\/\/pcf08.com\/index.php\/wp-json\/wp\/v2\/posts\/1473\/revisions\/1474"}],"wp:attachment":[{"href":"https:\/\/pcf08.com\/index.php\/wp-json\/wp\/v2\/media?parent=1473"}],"wp:term":[{"taxonomy":"category","embeddable":true,"href":"https:\/\/pcf08.com\/index.php\/wp-json\/wp\/v2\/categories?post=1473"},{"taxonomy":"post_tag","embeddable":true,"href":"https:\/\/pcf08.com\/index.php\/wp-json\/wp\/v2\/tags?post=1473"}],"curies":[{"name":"wp","href":"https:\/\/api.w.org\/{rel}","templated":true}]}}