{"id":1453,"date":"2022-01-06T10:49:17","date_gmt":"2022-01-06T09:49:17","guid":{"rendered":"http:\/\/pcf08.com\/?p=1453"},"modified":"2022-01-06T10:49:17","modified_gmt":"2022-01-06T09:49:17","slug":"le-ptb-devient-un-parti-de-masse","status":"publish","type":"post","link":"https:\/\/pcf08.com\/index.php\/2022\/01\/06\/le-ptb-devient-un-parti-de-masse\/","title":{"rendered":"Le PTB devient un parti de masse"},"content":{"rendered":"<p align=\"justify\"><span style=\"font-size: medium;\"><img loading=\"lazy\" decoding=\"async\" class=\"size-medium wp-image-1454 alignright\" src=\"https:\/\/pcf08.com\/wp-content\/uploads\/2022\/01\/raoul-ptb-300x225.jpg\" alt=\"\" width=\"300\" height=\"225\" srcset=\"https:\/\/pcf08.com\/wp-content\/uploads\/2022\/01\/raoul-ptb-300x225.jpg 300w, https:\/\/pcf08.com\/wp-content\/uploads\/2022\/01\/raoul-ptb.jpg 640w\" sizes=\"(max-width: 300px) 100vw, 300px\" \/>Outre-Qui\u00e9vrain, le dimanche 5 d\u00e9cembre se tenait le congr\u00e8s statutaire du PTB, Le Congr\u00e8s de l\u2019Unit\u00e9 durant lequel son porte parole Raoul Hedebouw fut \u00e9lu pr\u00e9sident du parti \u00e0 94.1% des voix, succ\u00e9dant ainsi \u00e0 Peter Mertens. Durant la pr\u00e9sidence de son pr\u00e9d\u00e9cesseur, le PTB connut une croissance in\u00e9dite passant en 18 ans de 800 membres \u00e0 plus de 24000, de 0 d\u00e9put\u00e9s \u00e0 43, de 5 \u00e9lus locaux \u00e0 169 et de 80 \u00e0 400 sections faisant du parti marxiste une des plus dynamiques formations politiques de gauche de toute l\u2019Europe. Croissance \u00e0 laquelle n\u2019est pas \u00e9trang\u00e8re l\u2019action de Raoul Hedebouw tant il a tenu le r\u00f4le figure de proue de la formation politique, pr\u00e9sent en permanence sur tous les fronts, du parlement aux piquets de gr\u00e8ves en passant par les manifestations climatiques. A pr\u00e9sent \u00e9lu pr\u00e9sident, ce dernier se dit pr\u00eat \u00e0 la nouvelle t\u00e2che qui l\u2019attend, dans cette \u00e8re de crise sanitaire, d\u2019offensive lib\u00e9rale et de mont\u00e9e des ind\u00e9pendantistes et autres fascistes flamands. Plus que jamais, le PTB devra remplir son r\u00f4le de \u00ab Parti de la classe travailleuse, parti de la jeunesse, parti du socialisme.\u00a0\u00bb <\/span><\/p>\n<p align=\"right\"><span style=\"font-size: medium;\">Anthony Jacobs-Remacle<\/span><\/p>\n","protected":false},"excerpt":{"rendered":"<p>Outre-Qui\u00e9vrain, le dimanche 5 d\u00e9cembre se tenait le congr\u00e8s statutaire du PTB, Le Congr\u00e8s de l\u2019Unit\u00e9 durant lequel son porte parole Raoul Hedebouw fut \u00e9lu pr\u00e9sident du parti \u00e0 94.1% des voix, succ\u00e9dant ainsi \u00e0 Peter Mertens. Durant la pr\u00e9sidence de son pr\u00e9d\u00e9cesseur, le PTB connut une croissance in\u00e9dite passant en 18 ans de 800 [&hellip;]<\/p>\n","protected":false},"author":4,"featured_media":0,"comment_status":"closed","ping_status":"open","sticky":false,"template":"","format":"standard","meta":{"saved_in_kubio":false,"footnotes":""},"categories":[1],"tags":[],"class_list":["post-1453","post","type-post","status-publish","format-standard","hentry","category-non-classe"],"_links":{"self":[{"href":"https:\/\/pcf08.com\/index.php\/wp-json\/wp\/v2\/posts\/1453","targetHints":{"allow":["GET"]}}],"collection":[{"href":"https:\/\/pcf08.com\/index.php\/wp-json\/wp\/v2\/posts"}],"about":[{"href":"https:\/\/pcf08.com\/index.php\/wp-json\/wp\/v2\/types\/post"}],"author":[{"embeddable":true,"href":"https:\/\/pcf08.com\/index.php\/wp-json\/wp\/v2\/users\/4"}],"replies":[{"embeddable":true,"href":"https:\/\/pcf08.com\/index.php\/wp-json\/wp\/v2\/comments?post=1453"}],"version-history":[{"count":1,"href":"https:\/\/pcf08.com\/index.php\/wp-json\/wp\/v2\/posts\/1453\/revisions"}],"predecessor-version":[{"id":1455,"href":"https:\/\/pcf08.com\/index.php\/wp-json\/wp\/v2\/posts\/1453\/revisions\/1455"}],"wp:attachment":[{"href":"https:\/\/pcf08.com\/index.php\/wp-json\/wp\/v2\/media?parent=1453"}],"wp:term":[{"taxonomy":"category","embeddable":true,"href":"https:\/\/pcf08.com\/index.php\/wp-json\/wp\/v2\/categories?post=1453"},{"taxonomy":"post_tag","embeddable":true,"href":"https:\/\/pcf08.com\/index.php\/wp-json\/wp\/v2\/tags?post=1453"}],"curies":[{"name":"wp","href":"https:\/\/api.w.org\/{rel}","templated":true}]}}