{"id":1441,"date":"2021-12-16T11:39:04","date_gmt":"2021-12-16T10:39:04","guid":{"rendered":"http:\/\/pcf08.com\/?p=1441"},"modified":"2021-12-16T11:39:04","modified_gmt":"2021-12-16T10:39:04","slug":"les-communistes-avec-les-salaries-les-salaries-avec-les-communistes","status":"publish","type":"post","link":"https:\/\/pcf08.com\/index.php\/2021\/12\/16\/les-communistes-avec-les-salaries-les-salaries-avec-les-communistes\/","title":{"rendered":"Les communistes avec les salari\u00e9s, les salari\u00e9s avec les communistes\u00a0!"},"content":{"rendered":"<p align=\"justify\"><span style=\"font-size: small;\"><img loading=\"lazy\" decoding=\"async\" class=\"size-medium wp-image-1442 alignleft\" src=\"https:\/\/pcf08.com\/wp-content\/uploads\/2021\/12\/caf-300x190.jpg\" alt=\"\" width=\"300\" height=\"190\" srcset=\"https:\/\/pcf08.com\/wp-content\/uploads\/2021\/12\/caf-300x190.jpg 300w, https:\/\/pcf08.com\/wp-content\/uploads\/2021\/12\/caf.jpg 600w\" sizes=\"(max-width: 300px) 100vw, 300px\" \/>Ce lundi 13 d\u00e9cembre, les communistes \u00e9taient pr\u00e9sents en soutien aux salari\u00e9s de la CAF qui se rassemblaient pour exiger l\u2019augmentation de leurs salaires. Ils sont en gr\u00e8ve chaque mardi depuis plus d\u2019un mois maintenant pour construire le rapport de force. <\/span><\/p>\n<p align=\"justify\"><span style=\"font-size: small;\">Ce lundi se tenaient une r\u00e9union paritaire nationale des salaires. La valeur du point n\u2019a pas augment\u00e9 depuis une d\u00e9cennie. Il est grand temps de mettre fin \u00e0 cette situation ! Comme toujours, les communistes sont solidaires de la classe travailleuse ardennaise.<\/span><\/p>\n<p align=\"right\"><span style=\"font-size: small;\">Esteban EVRARD<\/span><\/p>\n","protected":false},"excerpt":{"rendered":"<p>Ce lundi 13 d\u00e9cembre, les communistes \u00e9taient pr\u00e9sents en soutien aux salari\u00e9s de la CAF qui se rassemblaient pour exiger l\u2019augmentation de leurs salaires. Ils sont en gr\u00e8ve chaque mardi depuis plus d\u2019un mois maintenant pour construire le rapport de force. Ce lundi se tenaient une r\u00e9union paritaire nationale des salaires. La valeur du point [&hellip;]<\/p>\n","protected":false},"author":4,"featured_media":0,"comment_status":"closed","ping_status":"open","sticky":false,"template":"","format":"standard","meta":{"saved_in_kubio":false,"footnotes":""},"categories":[1],"tags":[],"class_list":["post-1441","post","type-post","status-publish","format-standard","hentry","category-non-classe"],"_links":{"self":[{"href":"https:\/\/pcf08.com\/index.php\/wp-json\/wp\/v2\/posts\/1441","targetHints":{"allow":["GET"]}}],"collection":[{"href":"https:\/\/pcf08.com\/index.php\/wp-json\/wp\/v2\/posts"}],"about":[{"href":"https:\/\/pcf08.com\/index.php\/wp-json\/wp\/v2\/types\/post"}],"author":[{"embeddable":true,"href":"https:\/\/pcf08.com\/index.php\/wp-json\/wp\/v2\/users\/4"}],"replies":[{"embeddable":true,"href":"https:\/\/pcf08.com\/index.php\/wp-json\/wp\/v2\/comments?post=1441"}],"version-history":[{"count":1,"href":"https:\/\/pcf08.com\/index.php\/wp-json\/wp\/v2\/posts\/1441\/revisions"}],"predecessor-version":[{"id":1443,"href":"https:\/\/pcf08.com\/index.php\/wp-json\/wp\/v2\/posts\/1441\/revisions\/1443"}],"wp:attachment":[{"href":"https:\/\/pcf08.com\/index.php\/wp-json\/wp\/v2\/media?parent=1441"}],"wp:term":[{"taxonomy":"category","embeddable":true,"href":"https:\/\/pcf08.com\/index.php\/wp-json\/wp\/v2\/categories?post=1441"},{"taxonomy":"post_tag","embeddable":true,"href":"https:\/\/pcf08.com\/index.php\/wp-json\/wp\/v2\/tags?post=1441"}],"curies":[{"name":"wp","href":"https:\/\/api.w.org\/{rel}","templated":true}]}}