{"id":1433,"date":"2021-12-16T11:34:43","date_gmt":"2021-12-16T10:34:43","guid":{"rendered":"http:\/\/pcf08.com\/?p=1433"},"modified":"2021-12-16T11:34:43","modified_gmt":"2021-12-16T10:34:43","slug":"la-chasse-a-letranger","status":"publish","type":"post","link":"https:\/\/pcf08.com\/index.php\/2021\/12\/16\/la-chasse-a-letranger\/","title":{"rendered":"La chasse \u00e0 l\u2019\u00e9tranger !"},"content":{"rendered":"<p align=\"justify\"><span style=\"font-size: small;\"><img loading=\"lazy\" decoding=\"async\" class=\"size-medium wp-image-1434 alignleft\" src=\"https:\/\/pcf08.com\/wp-content\/uploads\/2021\/12\/etranger-300x225.jpg\" alt=\"\" width=\"300\" height=\"225\" \/>L\u2019attitude et les d\u00e9clarations r\u00e9pugnantes de l\u2019extr\u00eame-droite sur l\u2019immigration trouvent un \u00e9cho au sein de la droite. A l\u2019image de la primaire organis\u00e9e par Les R\u00e9publicains ou au premier tour c\u2019est celui qui veut servir de passerelle avec l\u2019extr\u00eame- droite qui est arriv\u00e9 en t\u00eate. Relay\u00e9 par les m\u00e9dias nationaux cette dangereuse d\u00e9rive doit \u00eatre combattue avec vigueur par les forces d\u00e9mocratiques de notre pays.<\/span><\/p>\n<p align=\"justify\"><span style=\"font-size: small;\">C\u2019est dans ce contexte que le pouvoir passe des paroles aux actes. Dans les Ardennes, comme ailleurs, la chasse \u00e0 l\u2019\u00e9tranger est ouverte .Pour exemple, une enseignante, originaire du Gabon, ayant \u00e9pous\u00e9 un Fran\u00e7ais et victime de violence conjugales, en instance de divorce, est menac\u00e9 d\u2019expulsion vers le Gabon avec ses enfants pourtant scolaris\u00e9s en France. Son int\u00e9gration dans notre pays n\u2019est pas en cause. Pendant plus d\u2019un an elle a enseign\u00e9 \u00e0 Sedan \u00e0 la demande de l\u2019\u00c9ducation Nationale. Mais cet engagement est remis en cause alors que son seul grand d\u00e9faut, relev\u00e9 par les pouvoirs publics, est d\u2019\u00eatre d\u2019origine gabonaise. Pour tout remerciement la France veut la renvoyer dans son pays d\u2019origine. En mati\u00e8re de droit humain et de solidarit\u00e9 on peut faire mieux.<\/span><\/p>\n<p align=\"justify\"><span style=\"font-size: small;\">C\u2019est cette situation qu\u2019une centaine de manifestants ont d\u00e9nonc\u00e9 ce samedi devant les locaux de l\u2019\u00c9ducation Nationale avant de se rendre en cort\u00e8ge \u00e0 la pr\u00e9fecture. Ce rassemblement \u00e0 Charleville-M\u00e9zi\u00e8res \u00e9tait organis\u00e9 \u00e0 l\u2019appel du \u00ab\u00a0R\u00e9seau \u00e9ducation sans fronti\u00e8res\u00a0\u00bb. Les militants du PCF ont tenu \u00e0 participer \u00e0 cette mobilisation de solidarit\u00e9. Le Pr\u00e9fet des Ardennes doit sortir de son silence et annuler la proc\u00e9dure d\u2019expulsion en cours.<\/span><\/p>\n<p align=\"right\"><span style=\"font-size: small;\">Sylvain DALLA ROSA<\/span><\/p>\n","protected":false},"excerpt":{"rendered":"<p>L\u2019attitude et les d\u00e9clarations r\u00e9pugnantes de l\u2019extr\u00eame-droite sur l\u2019immigration trouvent un \u00e9cho au sein de la droite. A l\u2019image de la primaire organis\u00e9e par Les R\u00e9publicains ou au premier tour c\u2019est celui qui veut servir de passerelle avec l\u2019extr\u00eame- droite qui est arriv\u00e9 en t\u00eate. Relay\u00e9 par les m\u00e9dias nationaux cette dangereuse d\u00e9rive doit \u00eatre [&hellip;]<\/p>\n","protected":false},"author":4,"featured_media":0,"comment_status":"closed","ping_status":"open","sticky":false,"template":"","format":"standard","meta":{"saved_in_kubio":false,"footnotes":""},"categories":[1],"tags":[],"class_list":["post-1433","post","type-post","status-publish","format-standard","hentry","category-non-classe"],"_links":{"self":[{"href":"https:\/\/pcf08.com\/index.php\/wp-json\/wp\/v2\/posts\/1433","targetHints":{"allow":["GET"]}}],"collection":[{"href":"https:\/\/pcf08.com\/index.php\/wp-json\/wp\/v2\/posts"}],"about":[{"href":"https:\/\/pcf08.com\/index.php\/wp-json\/wp\/v2\/types\/post"}],"author":[{"embeddable":true,"href":"https:\/\/pcf08.com\/index.php\/wp-json\/wp\/v2\/users\/4"}],"replies":[{"embeddable":true,"href":"https:\/\/pcf08.com\/index.php\/wp-json\/wp\/v2\/comments?post=1433"}],"version-history":[{"count":1,"href":"https:\/\/pcf08.com\/index.php\/wp-json\/wp\/v2\/posts\/1433\/revisions"}],"predecessor-version":[{"id":1435,"href":"https:\/\/pcf08.com\/index.php\/wp-json\/wp\/v2\/posts\/1433\/revisions\/1435"}],"wp:attachment":[{"href":"https:\/\/pcf08.com\/index.php\/wp-json\/wp\/v2\/media?parent=1433"}],"wp:term":[{"taxonomy":"category","embeddable":true,"href":"https:\/\/pcf08.com\/index.php\/wp-json\/wp\/v2\/categories?post=1433"},{"taxonomy":"post_tag","embeddable":true,"href":"https:\/\/pcf08.com\/index.php\/wp-json\/wp\/v2\/tags?post=1433"}],"curies":[{"name":"wp","href":"https:\/\/api.w.org\/{rel}","templated":true}]}}