{"id":1417,"date":"2021-12-09T13:37:11","date_gmt":"2021-12-09T12:37:11","guid":{"rendered":"http:\/\/pcf08.com\/?p=1417"},"modified":"2021-12-09T13:37:11","modified_gmt":"2021-12-09T12:37:11","slug":"pas-de-fatalisme-pour-lhopital-public","status":"publish","type":"post","link":"https:\/\/pcf08.com\/index.php\/2021\/12\/09\/pas-de-fatalisme-pour-lhopital-public\/","title":{"rendered":"Pas de fatalisme pour l\u2019h\u00f4pital public\u00a0!"},"content":{"rendered":"<p><img loading=\"lazy\" decoding=\"async\" class=\"size-medium wp-image-1418 alignleft\" src=\"https:\/\/pcf08.com\/wp-content\/uploads\/2021\/12\/hopital-300x90.jpg\" alt=\"\" width=\"300\" height=\"90\" srcset=\"https:\/\/pcf08.com\/wp-content\/uploads\/2021\/12\/hopital-300x90.jpg 300w, https:\/\/pcf08.com\/wp-content\/uploads\/2021\/12\/hopital.jpg 642w\" sizes=\"(max-width: 300px) 100vw, 300px\" \/>La presse locale nous annonce que l\u2019h\u00f4pital de Manchester attaque la cinqui\u00e8me vague avec des lits en moins\u00a0!<br \/>\nAvec cynisme, le directeur y d\u00e9clare vouloir \u00e9viter les d\u00e9programmations, car \u00ab\u00a0les d\u00e9programmations co\u00fbtent cher au CHINA\u00a0\u00bb &#8211; le CHINA, c\u2019est le nom officiel de l\u2019h\u00f4pital depuis la fusion avec les autres h\u00f4pitaux du Nord Ardenne.<br \/>\nCela t\u00e9moigne que la seule pr\u00e9occupation des autorit\u00e9s est la rentabilit\u00e9 de l\u2019h\u00f4pital\u00a0 : les inqui\u00e9tudes, les souffrances li\u00e9es aux \u00ab\u00a0d\u00e9programmations\u00a0\u00bb, un mot barbare repr\u00e9sentant en fait des personnes qui attendent pour se faire soigner, qui voient leur rendez-vous d\u2019op\u00e9ration report\u00e9, cela n\u2019est pas leur probl\u00e8me\u00a0! Quelle inhumanit\u00e9\u00a0!<br \/>\nPour pr\u00e9venir l\u2019engorgement de l\u2019h\u00f4pital, on apprend que des malades ont \u00e9t\u00e9 transf\u00e9r\u00e9s \u00e0 la clinique priv\u00e9e de B\u00e9zanne. A quel prix pour les malades et leur famille, en terme d\u2019\u00e9loignement, en terme financier aussi sans doute (frais administratifs, d\u00e9passement d\u2019honoraires \u2026)\u00a0? C\u2019est vrai que l\u2019heure est \u00e0 la destruction de l\u2019h\u00f4pital public pour engrosser le secteur priv\u00e9 en lien avec les march\u00e9s financiers, comme la fermeture de lits de SSR (lits de soins de suite) \u00e0 l\u2019h\u00f4pital public de Sedan et la construction sous l\u2019\u00e9gide d\u2019ORPEA de tels lits \u00e0 Revin.<br \/>\nOn ferme des lits car on manque de personnels. Et de nous rappeler qu\u2019il faut 10 \u00e0 12 ans pour former un sp\u00e9cialiste. Il y a urgence \u00e0 former plus de m\u00e9decins (et la politique gouvernementale n\u2019est pour l\u2019instant pas pass\u00e9e de la parole aux actes \u00e0 ce sujet) mais il y a aussi extr\u00eame urgence \u00e0 ce que les personnels hospitaliers m\u00e9decins ou non m\u00e9decins ne sombrent pas dans le burn out, ne quittent pas l\u2019h\u00f4pital pour se prot\u00e9ger\u00a0et pour cela, il y a des possibilit\u00e9s\u00a0: les d\u00e9charger de tout le travail moins qualifi\u00e9 qu\u2019ils doivent assurer. On manque aussi d\u2019aide-soignantes, d\u2019infirmi\u00e8res, mais pourquoi ne propose-t-on pas \u00e0 des jeunes un contrat de pr\u00e9 embauche, leur assurant un revenu pendant leur formation en \u00e9change d\u2019un engagement de quelques ann\u00e9es dans le service public\u00a0? C\u2019est ce que propose Fabien Roussel, candidat du PCF \u00e0 l\u2019\u00e9lection pr\u00e9sidentielle. Mais le gouvernement est si content de s\u2019abriter derri\u00e8re le manque de personnels pour mieux casser l\u2019h\u00f4pital public au profit du priv\u00e9, sans \u00e9gard pour la catastrophe sanitaire qui s\u2019aggrave\u00a0!<\/p>\n","protected":false},"excerpt":{"rendered":"<p>La presse locale nous annonce que l\u2019h\u00f4pital de Manchester attaque la cinqui\u00e8me vague avec des lits en moins\u00a0! Avec cynisme, le directeur y d\u00e9clare vouloir \u00e9viter les d\u00e9programmations, car \u00ab\u00a0les d\u00e9programmations co\u00fbtent cher au CHINA\u00a0\u00bb &#8211; le CHINA, c\u2019est le nom officiel de l\u2019h\u00f4pital depuis la fusion avec les autres h\u00f4pitaux du Nord Ardenne. Cela [&hellip;]<\/p>\n","protected":false},"author":4,"featured_media":0,"comment_status":"closed","ping_status":"open","sticky":false,"template":"","format":"standard","meta":{"saved_in_kubio":false,"footnotes":""},"categories":[1],"tags":[],"class_list":["post-1417","post","type-post","status-publish","format-standard","hentry","category-non-classe"],"_links":{"self":[{"href":"https:\/\/pcf08.com\/index.php\/wp-json\/wp\/v2\/posts\/1417","targetHints":{"allow":["GET"]}}],"collection":[{"href":"https:\/\/pcf08.com\/index.php\/wp-json\/wp\/v2\/posts"}],"about":[{"href":"https:\/\/pcf08.com\/index.php\/wp-json\/wp\/v2\/types\/post"}],"author":[{"embeddable":true,"href":"https:\/\/pcf08.com\/index.php\/wp-json\/wp\/v2\/users\/4"}],"replies":[{"embeddable":true,"href":"https:\/\/pcf08.com\/index.php\/wp-json\/wp\/v2\/comments?post=1417"}],"version-history":[{"count":1,"href":"https:\/\/pcf08.com\/index.php\/wp-json\/wp\/v2\/posts\/1417\/revisions"}],"predecessor-version":[{"id":1419,"href":"https:\/\/pcf08.com\/index.php\/wp-json\/wp\/v2\/posts\/1417\/revisions\/1419"}],"wp:attachment":[{"href":"https:\/\/pcf08.com\/index.php\/wp-json\/wp\/v2\/media?parent=1417"}],"wp:term":[{"taxonomy":"category","embeddable":true,"href":"https:\/\/pcf08.com\/index.php\/wp-json\/wp\/v2\/categories?post=1417"},{"taxonomy":"post_tag","embeddable":true,"href":"https:\/\/pcf08.com\/index.php\/wp-json\/wp\/v2\/tags?post=1417"}],"curies":[{"name":"wp","href":"https:\/\/api.w.org\/{rel}","templated":true}]}}