{"id":1413,"date":"2021-12-09T13:33:58","date_gmt":"2021-12-09T12:33:58","guid":{"rendered":"http:\/\/pcf08.com\/?p=1413"},"modified":"2021-12-09T13:33:58","modified_gmt":"2021-12-09T12:33:58","slug":"pcf-fabien-roussel-veut-80-milliards-pour-lecole","status":"publish","type":"post","link":"https:\/\/pcf08.com\/index.php\/2021\/12\/09\/pcf-fabien-roussel-veut-80-milliards-pour-lecole\/","title":{"rendered":"PCF. Fabien Roussel veut 80 milliards pour l\u2019\u00e9cole"},"content":{"rendered":"<p>Le candidat communiste \u00e0 l\u2019\u00c9lys\u00e9e a tenu sa derni\u00e8re rencontre des jours heureux \u00e0 V\u00e9nissieux, vendredi, sur le th\u00e8me de l\u2019\u00e9ducation et de la formation professionnelle. Il d\u00e9voilera son programme complet en janvier 2022.<br \/>\nRegardez le titre\u2009: \u201cProfs absents, Leboncoin \u00e0 la rescousse\u201d. Voil\u00e0 la r\u00e9alit\u00e9 de notre \u00e9cole\u2009!\u2009\u00bb s\u2019inqui\u00e8te Fabien Roussel, Une du Parisien dat\u00e9 du 3 d\u00e9cembre \u00e0 la main. Depuis V\u00e9nissieux, pour sa sixi\u00e8me et derni\u00e8re rencontre des jours heureux, le candidat du PCF \u00e0 la pr\u00e9sidence affiche son ambition\u2009: \u00ab\u2009reconstruire une \u00e9cole de la R\u00e9publique qu\u2019Emmanuel Macron a totalement cass\u00e9e\u2009\u00bb. Le d\u00e9put\u00e9 du Nord ironise : \u00ab\u2009Parcoursup, c\u2019est le Koh-Lanta de l\u2019orientation, sans totem d\u2019immunit\u00e9 et avec 90\u2009000 jeunes bacheliers sans affectation.\u2009\u00bb. Devant les quelque 500 participants, le dirigeant communiste a d\u00e9voil\u00e9 ses pistes pour l\u2019\u00e9ducation nationale et la formation, issues d\u2019un travail conjoint entre le PCF, ses parlementaires et les syndicats. Une augmentation du budget de 45 %, pour atteindre 80 milliards d\u2019euros, permettra notamment la mise en place d\u2019une mesure phare\u2009: l\u2019allongement du temps d\u2019enseignement \u00e0 l\u2019\u00e9cole.<br \/>\nUn allongement qui passerait par le retour \u00e0 la semaine de cinq jours en \u00e9l\u00e9mentaire, avec 27 heures d\u2019enseignement hebdomadaire contre 24 aujourd\u2019hui, et \u00e0 32h en moyenne dans les coll\u00e8ges et lyc\u00e9es. \u00ab Dans les conditions actuelles, l\u2019\u00e9cole est une course pour r\u00e9aliser le programme \u00bb, d\u00e9plore le candidat communiste. L\u2019enjeu de cette mesure est donc de faire l\u2019\u00e9cole \u00e0 l\u2019\u00e9cole, sans devoirs \u00e0 la maison, tout en permettant d\u2019\u00e9lever le niveau de connaissance de toute une classe d\u2019\u00e2ge sans exception.<\/p>\n","protected":false},"excerpt":{"rendered":"<p>Le candidat communiste \u00e0 l\u2019\u00c9lys\u00e9e a tenu sa derni\u00e8re rencontre des jours heureux \u00e0 V\u00e9nissieux, vendredi, sur le th\u00e8me de l\u2019\u00e9ducation et de la formation professionnelle. Il d\u00e9voilera son programme complet en janvier 2022. Regardez le titre\u2009: \u201cProfs absents, Leboncoin \u00e0 la rescousse\u201d. Voil\u00e0 la r\u00e9alit\u00e9 de notre \u00e9cole\u2009!\u2009\u00bb s\u2019inqui\u00e8te Fabien Roussel, Une du Parisien [&hellip;]<\/p>\n","protected":false},"author":4,"featured_media":0,"comment_status":"closed","ping_status":"open","sticky":false,"template":"","format":"standard","meta":{"saved_in_kubio":false,"footnotes":""},"categories":[1],"tags":[],"class_list":["post-1413","post","type-post","status-publish","format-standard","hentry","category-non-classe"],"_links":{"self":[{"href":"https:\/\/pcf08.com\/index.php\/wp-json\/wp\/v2\/posts\/1413","targetHints":{"allow":["GET"]}}],"collection":[{"href":"https:\/\/pcf08.com\/index.php\/wp-json\/wp\/v2\/posts"}],"about":[{"href":"https:\/\/pcf08.com\/index.php\/wp-json\/wp\/v2\/types\/post"}],"author":[{"embeddable":true,"href":"https:\/\/pcf08.com\/index.php\/wp-json\/wp\/v2\/users\/4"}],"replies":[{"embeddable":true,"href":"https:\/\/pcf08.com\/index.php\/wp-json\/wp\/v2\/comments?post=1413"}],"version-history":[{"count":1,"href":"https:\/\/pcf08.com\/index.php\/wp-json\/wp\/v2\/posts\/1413\/revisions"}],"predecessor-version":[{"id":1414,"href":"https:\/\/pcf08.com\/index.php\/wp-json\/wp\/v2\/posts\/1413\/revisions\/1414"}],"wp:attachment":[{"href":"https:\/\/pcf08.com\/index.php\/wp-json\/wp\/v2\/media?parent=1413"}],"wp:term":[{"taxonomy":"category","embeddable":true,"href":"https:\/\/pcf08.com\/index.php\/wp-json\/wp\/v2\/categories?post=1413"},{"taxonomy":"post_tag","embeddable":true,"href":"https:\/\/pcf08.com\/index.php\/wp-json\/wp\/v2\/tags?post=1413"}],"curies":[{"name":"wp","href":"https:\/\/api.w.org\/{rel}","templated":true}]}}