{"id":1411,"date":"2021-12-02T12:07:05","date_gmt":"2021-12-02T11:07:05","guid":{"rendered":"http:\/\/pcf08.com\/?p=1411"},"modified":"2021-12-02T12:07:05","modified_gmt":"2021-12-02T11:07:05","slug":"un-droit-universel-au-logement","status":"publish","type":"post","link":"https:\/\/pcf08.com\/index.php\/2021\/12\/02\/un-droit-universel-au-logement\/","title":{"rendered":"Un droit universel au logement"},"content":{"rendered":"<p align=\"justify\"><span style=\"font-family: Times New Roman, serif;\"><span style=\"font-size: medium;\"><span style=\"color: #000000;\">Le droit au logement est un droit universel, reconnu par notre Constitution. Et pourtant, notre pays compte aujourd\u2019hui 4 millions de personnes mal log\u00e9es et pr\u00e8s de 15 millions sont touch\u00e9es \u00e0 des degr\u00e9s divers. La part des d\u00e9penses de logement dans le budget des m\u00e9nages a explos\u00e9 : 17 % en 1984 contre pr\u00e8s de 25 % aujourd\u2019hui ! Pour les jeunes, le logement repr\u00e9sente plus de la moiti\u00e9 de leur budget mensuel. Et l\u2019effort financier augmente \u00e9videmment en proportion inverse des revenus du m\u00e9nage. On compte ainsi 5,7 millions de personnes consacrant plus de 35 % de leurs revenus au logement, un chiffre qui a augment\u00e9 de 44 % depuis 2006. Les principales causes de cette situation sont connues : La sp\u00e9culation immobili\u00e8re et fonci\u00e8re, qui rendent la construction et les loyers plus chers ; le manque chronique de logements sociaux par d\u00e9faut de construction : aujourd\u2019hui pr\u00e8s de 2 millions de m\u00e9nages attendent un logement social !\u00a0Il est possible d&rsquo;agir tout de suite pour le logement de toutes et tous, d\u2019ailleurs, le PCF et la CNL sont forces de propositions :<\/span><\/span><\/span><\/p>\n<p align=\"justify\"><span style=\"font-size: medium;\"><span style=\"font-family: Times New Roman, serif;\">D&rsquo;abord en revalorisant les APL et en supprimant la caution dans le parc priv\u00e9. Nous proposons \u00e9galement de mettre sous protection le 1,2 million de personnes menac\u00e9es d\u2019expulsion locative \u00e0 plus ou moins br\u00e8ve \u00e9ch\u00e9ance en interdisant les expulsions sans solution de relogement, d&rsquo;augmenter les taxes sur les logements vacants dans les zones en d\u00e9ficit de logement et d&rsquo;encadrer les loyers avec l\u2019objectif que le loyer et les charges ne d\u00e9passent pas 20 % des revenus du foyer. A plus long terme, nous proposons de : Construire 200 000 logements sociaux par an et renforcer la loi SRU (vers 30 % de logements sociaux en zone urbaine). Cr\u00e9er un service public national et d\u00e9centralis\u00e9 du logement, de l\u2019habitat et de la ville s\u2019appuyant notamment sur un p\u00f4le public financier (financement \u00e0 taux z\u00e9ro du logement public), un p\u00f4le public de la construction et une agence nationale fonci\u00e8re (pour compenser les surco\u00fbts fonciers). Ce service public se d\u00e9clinerait en quatre volets :\u00a0<b>un p\u00f4le public financier<\/b>, appuy\u00e9 sur la Caisse des d\u00e9p\u00f4ts et consignations (CDC), pour financer le logement social.\u00a0<b>Un p\u00f4le public de la construction\u00a0<\/b>pour casser le monopole des majors du BTP et permettre l\u2019abaissement des loyers et des charges.\u00a0<b>Une agence nationale fonci\u00e8re\u00a0<\/b>et d\u00e9centralis\u00e9e au niveau des r\u00e9gions, dot\u00e9e de fonds d\u2019intervention cons\u00e9quents, pour lutter contre la sp\u00e9culation du sol, par une ma\u00eetrise publique des sols par des baux emphyt\u00e9otiques et inciter \u00e0 la construction de logements sociaux dans toutes les communes.\u00a0<\/span><\/span><\/p>\n<p align=\"justify\"><span style=\"font-size: medium;\"><span style=\"font-family: Times New Roman, serif;\"><b>Des outils publics\u00a0<\/b>dont la mission serait de mettre en \u0153uvre localement le droit au logement avec une gestion d\u00e9mocratis\u00e9e, une repr\u00e9sentation renforc\u00e9e et majoritaire des \u00e9lus locaux, des repr\u00e9sentants des salari\u00e9s, des associations et des usagers b\u00e9n\u00e9ficiant de nouveaux droits de d\u00e9cision et de contr\u00f4le.<\/span><\/span><\/p>\n<p align=\"right\"><span style=\"font-size: medium;\"><b><span style=\"font-family: Times New Roman, serif;\">Esteban EVRARD<\/span><\/b><\/span><\/p>\n","protected":false},"excerpt":{"rendered":"<p>Le droit au logement est un droit universel, reconnu par notre Constitution. Et pourtant, notre pays compte aujourd\u2019hui 4 millions de personnes mal log\u00e9es et pr\u00e8s de 15 millions sont touch\u00e9es \u00e0 des degr\u00e9s divers. La part des d\u00e9penses de logement dans le budget des m\u00e9nages a explos\u00e9 : 17 % en 1984 contre pr\u00e8s [&hellip;]<\/p>\n","protected":false},"author":4,"featured_media":0,"comment_status":"closed","ping_status":"open","sticky":false,"template":"","format":"standard","meta":{"saved_in_kubio":false,"footnotes":""},"categories":[1],"tags":[],"class_list":["post-1411","post","type-post","status-publish","format-standard","hentry","category-non-classe"],"_links":{"self":[{"href":"https:\/\/pcf08.com\/index.php\/wp-json\/wp\/v2\/posts\/1411","targetHints":{"allow":["GET"]}}],"collection":[{"href":"https:\/\/pcf08.com\/index.php\/wp-json\/wp\/v2\/posts"}],"about":[{"href":"https:\/\/pcf08.com\/index.php\/wp-json\/wp\/v2\/types\/post"}],"author":[{"embeddable":true,"href":"https:\/\/pcf08.com\/index.php\/wp-json\/wp\/v2\/users\/4"}],"replies":[{"embeddable":true,"href":"https:\/\/pcf08.com\/index.php\/wp-json\/wp\/v2\/comments?post=1411"}],"version-history":[{"count":1,"href":"https:\/\/pcf08.com\/index.php\/wp-json\/wp\/v2\/posts\/1411\/revisions"}],"predecessor-version":[{"id":1412,"href":"https:\/\/pcf08.com\/index.php\/wp-json\/wp\/v2\/posts\/1411\/revisions\/1412"}],"wp:attachment":[{"href":"https:\/\/pcf08.com\/index.php\/wp-json\/wp\/v2\/media?parent=1411"}],"wp:term":[{"taxonomy":"category","embeddable":true,"href":"https:\/\/pcf08.com\/index.php\/wp-json\/wp\/v2\/categories?post=1411"},{"taxonomy":"post_tag","embeddable":true,"href":"https:\/\/pcf08.com\/index.php\/wp-json\/wp\/v2\/tags?post=1411"}],"curies":[{"name":"wp","href":"https:\/\/api.w.org\/{rel}","templated":true}]}}