{"id":1403,"date":"2021-12-02T12:01:47","date_gmt":"2021-12-02T11:01:47","guid":{"rendered":"http:\/\/pcf08.com\/?p=1403"},"modified":"2021-12-02T12:01:47","modified_gmt":"2021-12-02T11:01:47","slug":"communique-de-presse-un-referendum-rate","status":"publish","type":"post","link":"https:\/\/pcf08.com\/index.php\/2021\/12\/02\/communique-de-presse-un-referendum-rate\/","title":{"rendered":"Communiqu\u00e9 de presse Un r\u00e9f\u00e9rendum rat\u00e9"},"content":{"rendered":"<p>La section de Charleville-M\u00e9zi\u00e8res du Parti Communiste a pris connaissance du r\u00e9sultat du r\u00e9f\u00e9rendum consacr\u00e9 au sch\u00e9ma des mobilit\u00e9s dans la ville chef lieu.<\/p>\n<p>Si le Parti Communiste est favorable \u00e0 ce type de consultation-d\u00e9cision, il rappelle qu\u2019il intervient alors que des am\u00e9nagements structurants sont d\u00e9j\u00e0 r\u00e9alis\u00e9s (Place de l\u2019H\u00f4tel de Ville, avenue d\u2019Arches&#8230;). Il rappelle \u00e9galement que la pi\u00e9tonisation de la Place Ducale a pris un retard consid\u00e9rable du fait de la majorit\u00e9 actuelle et de ses soutiens.<\/p>\n<p>Pour le Parti Communiste, le r\u00e9sultat de ce r\u00e9f\u00e9rendum ne devrait pas inciter \u00e0 l\u2019autosatisfaction, d\u2019une part par l\u2019expression forte, pr\u00e8s de 44% des exprim\u00e9s, du NON auquel appelaient les communistes et, d\u2019autre part, par l\u2019extr\u00eame faiblesse de la participation. Ce r\u00e9sultat devrait conduire la municipalit\u00e9 \u00e0 revoir certains \u00e9l\u00e9ments de ce dossier, comme le passage plus progressif des rues \u00e0 30 km\/h, ou les modifications des principaux carrefours qui peuvent accro\u00eetre les difficult\u00e9s de circulation, en particulier celui du pont des Deux Villes o\u00f9 les pi\u00e9tons, prioritaires, sont tr\u00e8s nombreux.<\/p>\n<p>Mais le gros point noir de ce sch\u00e9ma des mobilit\u00e9s reste l\u2019absence d\u2019une partie essentielle : les transports en commun. L\u2019argument, \u00e9voqu\u00e9 par la municipalit\u00e9, d\u2019une comp\u00e9tence qui rel\u00e8ve de la Communaut\u00e9 d\u2019agglom\u00e9ration est totalement fallacieux. En effet, outre le fait que les principaux d\u00e9cideurs, de la Ville d\u2019une part, de la Communaut\u00e9 d\u2019agglom\u00e9ration d\u2019autre part, sont les m\u00eames, celle-ci ne peut s\u00e9rieusement pas d\u00e9cider de faire circuler des bus ou pas sur les axes qui rel\u00e8vent de la Ville sans que cette derni\u00e8re ne soit associ\u00e9e aux d\u00e9cisions. Organiser un r\u00e9f\u00e9rendum sur les mobilit\u00e9s en excluant l\u2019\u00e9l\u00e9ment essentiel des transports en commun a \u00e9t\u00e9 une erreur fondamentale qui pose des probl\u00e8mes de coh\u00e9rence dans ce sch\u00e9ma.<\/p>\n<p>Au vu des r\u00e9sultats de ce r\u00e9f\u00e9rendum en bonne partie rat\u00e9, il serait bienvenu que la majorit\u00e9 municipale revoie son sch\u00e9ma des mobilit\u00e9s avant son adoption en Conseil municipal.<\/p>\n<p>Le bureau de la section de Charleville-M\u00e9zi\u00e8res du PCF<\/p>\n","protected":false},"excerpt":{"rendered":"<p>La section de Charleville-M\u00e9zi\u00e8res du Parti Communiste a pris connaissance du r\u00e9sultat du r\u00e9f\u00e9rendum consacr\u00e9 au sch\u00e9ma des mobilit\u00e9s dans la ville chef lieu. Si le Parti Communiste est favorable \u00e0 ce type de consultation-d\u00e9cision, il rappelle qu\u2019il intervient alors que des am\u00e9nagements structurants sont d\u00e9j\u00e0 r\u00e9alis\u00e9s (Place de l\u2019H\u00f4tel de Ville, avenue d\u2019Arches&#8230;). Il [&hellip;]<\/p>\n","protected":false},"author":4,"featured_media":0,"comment_status":"closed","ping_status":"open","sticky":false,"template":"","format":"standard","meta":{"saved_in_kubio":false,"footnotes":""},"categories":[1],"tags":[],"class_list":["post-1403","post","type-post","status-publish","format-standard","hentry","category-non-classe"],"_links":{"self":[{"href":"https:\/\/pcf08.com\/index.php\/wp-json\/wp\/v2\/posts\/1403","targetHints":{"allow":["GET"]}}],"collection":[{"href":"https:\/\/pcf08.com\/index.php\/wp-json\/wp\/v2\/posts"}],"about":[{"href":"https:\/\/pcf08.com\/index.php\/wp-json\/wp\/v2\/types\/post"}],"author":[{"embeddable":true,"href":"https:\/\/pcf08.com\/index.php\/wp-json\/wp\/v2\/users\/4"}],"replies":[{"embeddable":true,"href":"https:\/\/pcf08.com\/index.php\/wp-json\/wp\/v2\/comments?post=1403"}],"version-history":[{"count":1,"href":"https:\/\/pcf08.com\/index.php\/wp-json\/wp\/v2\/posts\/1403\/revisions"}],"predecessor-version":[{"id":1404,"href":"https:\/\/pcf08.com\/index.php\/wp-json\/wp\/v2\/posts\/1403\/revisions\/1404"}],"wp:attachment":[{"href":"https:\/\/pcf08.com\/index.php\/wp-json\/wp\/v2\/media?parent=1403"}],"wp:term":[{"taxonomy":"category","embeddable":true,"href":"https:\/\/pcf08.com\/index.php\/wp-json\/wp\/v2\/categories?post=1403"},{"taxonomy":"post_tag","embeddable":true,"href":"https:\/\/pcf08.com\/index.php\/wp-json\/wp\/v2\/tags?post=1403"}],"curies":[{"name":"wp","href":"https:\/\/api.w.org\/{rel}","templated":true}]}}