{"id":1378,"date":"2021-11-18T11:09:03","date_gmt":"2021-11-18T10:09:03","guid":{"rendered":"http:\/\/pcf08.com\/?p=1378"},"modified":"2021-11-18T11:09:03","modified_gmt":"2021-11-18T10:09:03","slug":"oui-les-travailleurs-doivent-exercer-leur-metier-en-toute-securite","status":"publish","type":"post","link":"https:\/\/pcf08.com\/index.php\/2021\/11\/18\/oui-les-travailleurs-doivent-exercer-leur-metier-en-toute-securite\/","title":{"rendered":"Oui, les travailleurs doivent exercer leur m\u00e9tier en toute s\u00e9curit\u00e9 !"},"content":{"rendered":"<p align=\"justify\"><img loading=\"lazy\" decoding=\"async\" class=\"size-medium wp-image-1379 alignleft\" src=\"https:\/\/pcf08.com\/wp-content\/uploads\/2021\/11\/bus-300x158.jpeg\" alt=\"\" width=\"300\" height=\"158\" \/>Depuis des mois, les conducteurs des bus TAC alertent sur des caillassages fr\u00e9quents lors des arr\u00eats sur les lignes 4 et 5. Sur cette ligne 5 (Charleville-M\u00e9zi\u00e8res la grande terre &gt; Warcq les granges-Bertholet), des salari\u00e9s rappellent am\u00e8rement que chaque samedi apr\u00e8s-midi, ils sont victimes de jets d\u2019\u0153ufs au niveau de la rue L\u00e9on Dehuz. Encore une fois, ne soyons pas na\u00effs. Certains halls sont contr\u00f4l\u00e9s par les trafiquants et nous \u00e9tions d\u2019ailleurs force de proposition lors des derni\u00e8res \u00e9lections d\u00e9partementales pour endiguer ce fl\u00e9au qui pourrit la vie des locataires mais aussi la vie des travailleurs. Preuve en est : la semaine derni\u00e8re, ce n\u2019est pas moins de 4 caillassages et jets d\u2019\u0153ufs sur nos bus qui ont \u00e9t\u00e9 signal\u00e9s.<\/p>\n<p align=\"justify\">Les conducteurs et conductrices ne se sentent plus en s\u00e9curit\u00e9 et ont fait la proposition de mettre en place des \u00ab d\u00e9viations de s\u00e9curit\u00e9 \u00bb permettant de contourner certaines rues et de changer un itin\u00e9raire pr\u00e9vu d\u00e8s que le danger se fait ressentir. R\u00e9sultat : des pressions de la part d\u2019une direction consid\u00e9rant que les salari\u00e9s \u00e9taient des fain\u00e9ants, et des travailleurs en d\u00e9tresse face \u00e0 la situation. Samedi dernier, sur la ligne 4, au niveau de Jean-Paul Sartre, \u00e0 c\u00f4t\u00e9 du campus, un conducteur s\u2019est vu tomber dans un guet-apens. Des individus cagoul\u00e9s qui placent des planches trou\u00e9es de vis sur la route, un agent qui descend pour retirer \u00ab l\u2019obstacle \u00bb, un caillou jet\u00e9 par un homme cagoul\u00e9 sortant de nulle part et qui fracasse le pare-brise du bus.<\/p>\n<p align=\"justify\">\u00c0 la suite de cela, l\u2019ensemble des salari\u00e9s ont exerc\u00e9 leur droit de retrait ce lundi 15 novembre 2021 et ont bloqu\u00e9 tout d\u00e9part du d\u00e9p\u00f4t. Ce droit de retrait a \u00e9videmment \u00e9t\u00e9 vivement critiqu\u00e9 et remis en cause par la direction qui a consid\u00e9r\u00e9 qu\u2019il n\u2019\u00e9tait pas justifi\u00e9, et qu\u2019il s\u2019agissait d\u2019un abus de la part des agents. Ils menacent d\u2019ailleurs les salari\u00e9s de d\u00e9compter la journ\u00e9e aux conducteurs et conductrices (pensons \u00e0 nos camarades cheminots pour qui la bataille a \u00e9t\u00e9 toute aussi rude il y a deux ans).<\/p>\n<p align=\"justify\">Les salari\u00e9s sont exc\u00e9d\u00e9s, sont en d\u00e9tresse face au manque de soutien de la part des \u00e9lus et de la direction. A rappeler qu\u2019en 2024 les n\u00e9gociations commenceront concernant les march\u00e9s. Nos bus TAC seront-ils toujours sous la houlette de la RATP ? Et auquel cas, sous quelles conditions, notamment vis-\u00e0-vis des conditions de travail des salari\u00e9s ?<\/p>\n<p align=\"justify\">La F\u00e9d\u00e9ration des Ardennes du Parti Communiste Fran\u00e7ais apporte son soutien inconditionnel aux salari\u00e9s du r\u00e9seau TAC. Une nouvelle fois, nous appelons \u00e0 une r\u00e9ponse ferme de la part de l\u2019\u00c9tat mais aussi de la part de la direction. Ne nous trompons pas : chaque symbole, si petit soit-il, de la R\u00e9publique sera attaqu\u00e9 de front par ces bandits. La R\u00e9publique doit reprendre enti\u00e8rement pied dans l\u2019ensemble de nos rues, et cela passe par le d\u00e9veloppement des services publics partout, cela passe par la recr\u00e9ation d\u2019une grande Police Nationale de Proximit\u00e9 comprenant 30 000 hommes et femmes form\u00e9s et statutaires, qui auront des objectifs concrets et pr\u00e9cis, et notamment la lutte impitoyable contre les trafiquants en tout genre. Ne nous abaissons pas \u00e0 eux. Oui \u00e0 des services publics forts partout, oui \u00e0 la gratuit\u00e9 des transports en communs, oui au retour d\u2019un bureau de poste dans le quartier de Manchester, oui \u00e0 une antenne du commissariat de police nationale \u00e9galement !<\/p>\n<p align=\"justify\">Ce que nous voulons, ce sont les jours heureux pour l\u2019ensemble des travailleurs et travailleuses, pour l\u2019ensemble des locataires, des habitants. Plus que jamais, nous nous battrons pour nos biens communs !<\/p>\n<p align=\"right\">Esteban EVRARD<\/p>\n","protected":false},"excerpt":{"rendered":"<p>Depuis des mois, les conducteurs des bus TAC alertent sur des caillassages fr\u00e9quents lors des arr\u00eats sur les lignes 4 et 5. Sur cette ligne 5 (Charleville-M\u00e9zi\u00e8res la grande terre &gt; Warcq les granges-Bertholet), des salari\u00e9s rappellent am\u00e8rement que chaque samedi apr\u00e8s-midi, ils sont victimes de jets d\u2019\u0153ufs au niveau de la rue L\u00e9on Dehuz. [&hellip;]<\/p>\n","protected":false},"author":4,"featured_media":0,"comment_status":"closed","ping_status":"open","sticky":false,"template":"","format":"standard","meta":{"saved_in_kubio":false,"footnotes":""},"categories":[1],"tags":[],"class_list":["post-1378","post","type-post","status-publish","format-standard","hentry","category-non-classe"],"_links":{"self":[{"href":"https:\/\/pcf08.com\/index.php\/wp-json\/wp\/v2\/posts\/1378","targetHints":{"allow":["GET"]}}],"collection":[{"href":"https:\/\/pcf08.com\/index.php\/wp-json\/wp\/v2\/posts"}],"about":[{"href":"https:\/\/pcf08.com\/index.php\/wp-json\/wp\/v2\/types\/post"}],"author":[{"embeddable":true,"href":"https:\/\/pcf08.com\/index.php\/wp-json\/wp\/v2\/users\/4"}],"replies":[{"embeddable":true,"href":"https:\/\/pcf08.com\/index.php\/wp-json\/wp\/v2\/comments?post=1378"}],"version-history":[{"count":1,"href":"https:\/\/pcf08.com\/index.php\/wp-json\/wp\/v2\/posts\/1378\/revisions"}],"predecessor-version":[{"id":1380,"href":"https:\/\/pcf08.com\/index.php\/wp-json\/wp\/v2\/posts\/1378\/revisions\/1380"}],"wp:attachment":[{"href":"https:\/\/pcf08.com\/index.php\/wp-json\/wp\/v2\/media?parent=1378"}],"wp:term":[{"taxonomy":"category","embeddable":true,"href":"https:\/\/pcf08.com\/index.php\/wp-json\/wp\/v2\/categories?post=1378"},{"taxonomy":"post_tag","embeddable":true,"href":"https:\/\/pcf08.com\/index.php\/wp-json\/wp\/v2\/tags?post=1378"}],"curies":[{"name":"wp","href":"https:\/\/api.w.org\/{rel}","templated":true}]}}