{"id":1364,"date":"2021-11-12T11:22:05","date_gmt":"2021-11-12T10:22:05","guid":{"rendered":"http:\/\/pcf08.com\/?p=1364"},"modified":"2021-11-12T11:22:05","modified_gmt":"2021-11-12T10:22:05","slug":"lamontagne-accouche-dune-souris","status":"publish","type":"post","link":"https:\/\/pcf08.com\/index.php\/2021\/11\/12\/lamontagne-accouche-dune-souris\/","title":{"rendered":"Lamontagne\u2026..\u00a0\u00bbaccouche d\u2019une souris\u00a0\u00bb"},"content":{"rendered":"<p align=\"justify\"><img loading=\"lazy\" decoding=\"async\" class=\"size-medium wp-image-1365 alignleft\" src=\"https:\/\/pcf08.com\/wp-content\/uploads\/2021\/11\/montagne-300x195.jpg\" alt=\"\" width=\"300\" height=\"195\" \/>Nomm\u00e9 en novembre 2019, le Pr\u00e9fet des Ardennes Jean-S\u00e9bastien Lamontagne nous quitte pour rejoindre la Dordogne. Ces deux ann\u00e9es, pendant lesquelles il a repr\u00e9sent\u00e9 l\u2019\u00c9tat dans notre d\u00e9partement, ne resteront pas dans les annales.<\/p>\n<p align=\"justify\">Lors de sa prise de fonction il avait pr\u00e9sent\u00e9 sa \u00ab\u00a0feuille de route\u00a0\u00bb. Son ambition \u00e9tait de d\u00e9velopper les Ardennes avec le \u00ab\u00a0Pacte des Ardennes\u00a0\u00bb, dispositif national qui allait sortir la t\u00eate de l\u2019eau de notre d\u00e9partement. M\u00eame si sa pr\u00e9sence locale aura \u00e9t\u00e9 de courte dur\u00e9e, on cherche d\u00e9sesp\u00e9r\u00e9ment les op\u00e9rations \u00e9conomiques que le repr\u00e9sentant de l\u2019\u00c9tat a initi\u00e9es pendant son s\u00e9jour.<\/p>\n<p align=\"justify\">En revanche, tout le monde a encore en m\u00e9moire les rat\u00e9s que sont les promesses d\u2019implantation de la soci\u00e9t\u00e9 CEVITAL aux Ayvelles ou encore l\u2019engagement d\u2019un investissement de pr\u00e8s de 5,8 millions pour le dossier Mercier \u00e0 Revin. Lors de sa nomination en 2019 J-S Lamontagne disait avoir h\u00e2te de d\u00e9couvrir les paysages ardennais. Ce sera certainement le seul bilan positif qu\u2019il peut afficher.<\/p>\n<p align=\"justify\">Dans le prolongement de ses pr\u00e9d\u00e9cesseurs, le Pr\u00e9fet a d\u00e9laiss\u00e9 les forces politiques pr\u00e9sentes dans le d\u00e9partement. Ses seuls interlocuteurs auront \u00e9t\u00e9 les parlementaires tous de droite. Les Ardennais ne se souviendront pas de ce Pr\u00e9fet comme ils ont oubli\u00e9 les repr\u00e9sentants de l\u2019\u00c9tat qui se succ\u00e8dent dans notre d\u00e9partement. Son rempla\u00e7ant, Alain Bucquet, empruntera t-il le m\u00eame chemin?<\/p>\n<p align=\"right\">Sylvain DALLA ROSA<\/p>\n","protected":false},"excerpt":{"rendered":"<p>Nomm\u00e9 en novembre 2019, le Pr\u00e9fet des Ardennes Jean-S\u00e9bastien Lamontagne nous quitte pour rejoindre la Dordogne. Ces deux ann\u00e9es, pendant lesquelles il a repr\u00e9sent\u00e9 l\u2019\u00c9tat dans notre d\u00e9partement, ne resteront pas dans les annales. Lors de sa prise de fonction il avait pr\u00e9sent\u00e9 sa \u00ab\u00a0feuille de route\u00a0\u00bb. Son ambition \u00e9tait de d\u00e9velopper les Ardennes avec [&hellip;]<\/p>\n","protected":false},"author":4,"featured_media":0,"comment_status":"closed","ping_status":"open","sticky":false,"template":"","format":"standard","meta":{"saved_in_kubio":false,"footnotes":""},"categories":[1],"tags":[],"class_list":["post-1364","post","type-post","status-publish","format-standard","hentry","category-non-classe"],"_links":{"self":[{"href":"https:\/\/pcf08.com\/index.php\/wp-json\/wp\/v2\/posts\/1364","targetHints":{"allow":["GET"]}}],"collection":[{"href":"https:\/\/pcf08.com\/index.php\/wp-json\/wp\/v2\/posts"}],"about":[{"href":"https:\/\/pcf08.com\/index.php\/wp-json\/wp\/v2\/types\/post"}],"author":[{"embeddable":true,"href":"https:\/\/pcf08.com\/index.php\/wp-json\/wp\/v2\/users\/4"}],"replies":[{"embeddable":true,"href":"https:\/\/pcf08.com\/index.php\/wp-json\/wp\/v2\/comments?post=1364"}],"version-history":[{"count":1,"href":"https:\/\/pcf08.com\/index.php\/wp-json\/wp\/v2\/posts\/1364\/revisions"}],"predecessor-version":[{"id":1366,"href":"https:\/\/pcf08.com\/index.php\/wp-json\/wp\/v2\/posts\/1364\/revisions\/1366"}],"wp:attachment":[{"href":"https:\/\/pcf08.com\/index.php\/wp-json\/wp\/v2\/media?parent=1364"}],"wp:term":[{"taxonomy":"category","embeddable":true,"href":"https:\/\/pcf08.com\/index.php\/wp-json\/wp\/v2\/categories?post=1364"},{"taxonomy":"post_tag","embeddable":true,"href":"https:\/\/pcf08.com\/index.php\/wp-json\/wp\/v2\/tags?post=1364"}],"curies":[{"name":"wp","href":"https:\/\/api.w.org\/{rel}","templated":true}]}}