{"id":1362,"date":"2021-11-12T11:20:30","date_gmt":"2021-11-12T10:20:30","guid":{"rendered":"http:\/\/pcf08.com\/?p=1362"},"modified":"2021-11-12T11:20:30","modified_gmt":"2021-11-12T10:20:30","slug":"conseil-departemental-une-opposition-anesthesiee","status":"publish","type":"post","link":"https:\/\/pcf08.com\/index.php\/2021\/11\/12\/conseil-departemental-une-opposition-anesthesiee\/","title":{"rendered":"Conseil d\u00e9partemental: une opposition anesth\u00e9si\u00e9e"},"content":{"rendered":"<p align=\"justify\"><span style=\"font-size: small;\">La derni\u00e8re r\u00e9union du Conseil d\u00e9partemental appara\u00eet comme surr\u00e9aliste. Majorit\u00e9 et opposition sont tomb\u00e9es d\u2019accord pour constater les difficult\u00e9s financi\u00e8res et d\u00e9clarer que la gestion de la collectivit\u00e9 territoriale \u00e9tait contrainte. Ce n\u2019est pourtant pas une situation nouvelle. Ce qui est nouveau c\u2019est la droite et la suppos\u00e9e gauche qui se retrouvent unies pour appliquer l\u2019aust\u00e9rit\u00e9. Certes, le d\u00e9sengagement financier de l\u2019\u00c9tat accule le Conseil d\u00e9partemental qui doit faire des choix dans sa gestion. Ainsi, par exemple, les d\u00e9penses sociales augmentent et sont plomb\u00e9es par la crise sanitaire (COVID 19). Mais les choix propos\u00e9s ne peuvent recevoir l\u2019accord de ceux qui d\u00e9fendent un conseil d\u00e9partemental utile aux Ardennais.<\/span><\/p>\n<p align=\"justify\"><span style=\"font-size: small;\">Ainsi, pendant des ann\u00e9es le Conseil d\u00e9partemental a investi dans des projets pour plaire aux \u00e9lus de droite et afin que dans la lutte de pouvoir le Pr\u00e9sident garde sa majorit\u00e9. L\u2019exemple du mus\u00e9e Guerre et Paix \u00e0 Novion-Porcien est significatif.<\/span><\/p>\n<p align=\"justify\"><span style=\"font-size: small;\">On peut \u00e9galement \u00e9voquer l\u2019abandon de la voie de contournement et pour lequel le Conseil d\u00e9partemental a investi 3 millions\u2026\u2026.\u00e0 perte. Il ne s\u2019agit pas d\u2019entretenir des clivages politiciens mais de marquer les diff\u00e9rences qui existent entre une gestion progressiste et celle actuelle d\u2019accompagnement de l\u2019aust\u00e9rit\u00e9. Le prochain mauvais coup est de s\u2019attaquer aux coll\u00e8ges. Entre autres, la fusion des coll\u00e8ges de la Ronde Couture est largement contest\u00e9e par les enseignants et les parents d\u2019\u00e9l\u00e8ves.<\/span><\/p>\n<p align=\"justify\"><span style=\"font-size: small;\">Les sujets controvers\u00e9s sont multiples. Rappelons la col\u00e8re des agents de la collectivit\u00e9 \u00e0 propos du gel de leur salaire ou la pol\u00e9mique d\u00e9velopp\u00e9e par la Directrice des services en 2019 regrettant l\u2019absence \u00ab\u00a0d\u2019un dispositif de contr\u00f4le interne\u00a0\u00bb en laissant entendre qu\u2019il y a eu des malversations. Concernant la fiscalit\u00e9 apr\u00e8s une hausse de 9% en 2017 le taux est revenu \u00e0 la normal avec une augmentation annuelle de 1% . Autant de sujets sur lesquels l\u2019opposition devrait demander des comptes au Pr\u00e9sident du Conseil d\u00e9partemental. Manifestement ils ont choisi une d\u00e9marche inverse.<\/span><\/p>\n<p align=\"right\"><span style=\"font-size: small;\"><i>Sylvain DALLA ROSA<\/i><\/span><\/p>\n","protected":false},"excerpt":{"rendered":"<p>La derni\u00e8re r\u00e9union du Conseil d\u00e9partemental appara\u00eet comme surr\u00e9aliste. Majorit\u00e9 et opposition sont tomb\u00e9es d\u2019accord pour constater les difficult\u00e9s financi\u00e8res et d\u00e9clarer que la gestion de la collectivit\u00e9 territoriale \u00e9tait contrainte. Ce n\u2019est pourtant pas une situation nouvelle. Ce qui est nouveau c\u2019est la droite et la suppos\u00e9e gauche qui se retrouvent unies pour appliquer [&hellip;]<\/p>\n","protected":false},"author":4,"featured_media":0,"comment_status":"closed","ping_status":"open","sticky":false,"template":"","format":"standard","meta":{"saved_in_kubio":false,"footnotes":""},"categories":[1],"tags":[],"class_list":["post-1362","post","type-post","status-publish","format-standard","hentry","category-non-classe"],"_links":{"self":[{"href":"https:\/\/pcf08.com\/index.php\/wp-json\/wp\/v2\/posts\/1362","targetHints":{"allow":["GET"]}}],"collection":[{"href":"https:\/\/pcf08.com\/index.php\/wp-json\/wp\/v2\/posts"}],"about":[{"href":"https:\/\/pcf08.com\/index.php\/wp-json\/wp\/v2\/types\/post"}],"author":[{"embeddable":true,"href":"https:\/\/pcf08.com\/index.php\/wp-json\/wp\/v2\/users\/4"}],"replies":[{"embeddable":true,"href":"https:\/\/pcf08.com\/index.php\/wp-json\/wp\/v2\/comments?post=1362"}],"version-history":[{"count":1,"href":"https:\/\/pcf08.com\/index.php\/wp-json\/wp\/v2\/posts\/1362\/revisions"}],"predecessor-version":[{"id":1363,"href":"https:\/\/pcf08.com\/index.php\/wp-json\/wp\/v2\/posts\/1362\/revisions\/1363"}],"wp:attachment":[{"href":"https:\/\/pcf08.com\/index.php\/wp-json\/wp\/v2\/media?parent=1362"}],"wp:term":[{"taxonomy":"category","embeddable":true,"href":"https:\/\/pcf08.com\/index.php\/wp-json\/wp\/v2\/categories?post=1362"},{"taxonomy":"post_tag","embeddable":true,"href":"https:\/\/pcf08.com\/index.php\/wp-json\/wp\/v2\/tags?post=1362"}],"curies":[{"name":"wp","href":"https:\/\/api.w.org\/{rel}","templated":true}]}}