{"id":1347,"date":"2021-11-08T17:42:55","date_gmt":"2021-11-08T16:42:55","guid":{"rendered":"http:\/\/pcf08.com\/?p=1347"},"modified":"2021-11-08T17:42:55","modified_gmt":"2021-11-08T16:42:55","slug":"une-delegation-ardennaise-au-banquet-des-100-ans-de-la-depeche-de-laube","status":"publish","type":"post","link":"https:\/\/pcf08.com\/index.php\/2021\/11\/08\/une-delegation-ardennaise-au-banquet-des-100-ans-de-la-depeche-de-laube\/","title":{"rendered":"Une d\u00e9l\u00e9gation ardennaise au banquet  des 100 ans de la D\u00e9p\u00eache de l\u2019Aube"},"content":{"rendered":"<p align=\"justify\"><img loading=\"lazy\" decoding=\"async\" class=\"size-medium wp-image-1348 alignleft\" src=\"https:\/\/pcf08.com\/wp-content\/uploads\/2021\/11\/aube-300x225.jpg\" alt=\"\" width=\"300\" height=\"225\" srcset=\"https:\/\/pcf08.com\/wp-content\/uploads\/2021\/11\/aube-300x225.jpg 300w, https:\/\/pcf08.com\/wp-content\/uploads\/2021\/11\/aube-1024x768.jpg 1024w, https:\/\/pcf08.com\/wp-content\/uploads\/2021\/11\/aube-768x576.jpg 768w, https:\/\/pcf08.com\/wp-content\/uploads\/2021\/11\/aube.jpg 1440w\" sizes=\"(max-width: 300px) 100vw, 300px\" \/>La d\u00e9l\u00e9gation Ardennaise pr\u00e9sente ce dimanche 31 octobre pour le banquet c\u00e9l\u00e9brant le centenaire de la D\u00e9p\u00eache de l&rsquo;Aube en pr\u00e9sence de Fabien Roussel. Pr\u00e8s de 300 participants pour f\u00eater la p\u00e9rennit\u00e9 du journal de la classe ouvri\u00e8re du d\u00e9partement, mais aussi pour continuer cette histoire au travers du d\u00e9fi des jours heureux que nous rel\u00e8verons tous ensemble.<\/p>\n<p align=\"justify\">Merci \u00e0 Jean Pierre Cornevin et aux camarades de la F\u00e9d\u00e9ration de l&rsquo;Aube pour cette magnifique organisation.<\/p>\n","protected":false},"excerpt":{"rendered":"<p>La d\u00e9l\u00e9gation Ardennaise pr\u00e9sente ce dimanche 31 octobre pour le banquet c\u00e9l\u00e9brant le centenaire de la D\u00e9p\u00eache de l&rsquo;Aube en pr\u00e9sence de Fabien Roussel. Pr\u00e8s de 300 participants pour f\u00eater la p\u00e9rennit\u00e9 du journal de la classe ouvri\u00e8re du d\u00e9partement, mais aussi pour continuer cette histoire au travers du d\u00e9fi des jours heureux que nous [&hellip;]<\/p>\n","protected":false},"author":4,"featured_media":0,"comment_status":"closed","ping_status":"open","sticky":false,"template":"","format":"standard","meta":{"saved_in_kubio":false,"footnotes":""},"categories":[1],"tags":[],"class_list":["post-1347","post","type-post","status-publish","format-standard","hentry","category-non-classe"],"_links":{"self":[{"href":"https:\/\/pcf08.com\/index.php\/wp-json\/wp\/v2\/posts\/1347","targetHints":{"allow":["GET"]}}],"collection":[{"href":"https:\/\/pcf08.com\/index.php\/wp-json\/wp\/v2\/posts"}],"about":[{"href":"https:\/\/pcf08.com\/index.php\/wp-json\/wp\/v2\/types\/post"}],"author":[{"embeddable":true,"href":"https:\/\/pcf08.com\/index.php\/wp-json\/wp\/v2\/users\/4"}],"replies":[{"embeddable":true,"href":"https:\/\/pcf08.com\/index.php\/wp-json\/wp\/v2\/comments?post=1347"}],"version-history":[{"count":1,"href":"https:\/\/pcf08.com\/index.php\/wp-json\/wp\/v2\/posts\/1347\/revisions"}],"predecessor-version":[{"id":1349,"href":"https:\/\/pcf08.com\/index.php\/wp-json\/wp\/v2\/posts\/1347\/revisions\/1349"}],"wp:attachment":[{"href":"https:\/\/pcf08.com\/index.php\/wp-json\/wp\/v2\/media?parent=1347"}],"wp:term":[{"taxonomy":"category","embeddable":true,"href":"https:\/\/pcf08.com\/index.php\/wp-json\/wp\/v2\/categories?post=1347"},{"taxonomy":"post_tag","embeddable":true,"href":"https:\/\/pcf08.com\/index.php\/wp-json\/wp\/v2\/tags?post=1347"}],"curies":[{"name":"wp","href":"https:\/\/api.w.org\/{rel}","templated":true}]}}