{"id":1344,"date":"2021-11-08T17:41:58","date_gmt":"2021-11-08T16:41:58","guid":{"rendered":"http:\/\/pcf08.com\/?p=1344"},"modified":"2023-11-02T18:45:45","modified_gmt":"2023-11-02T17:45:45","slug":"le-gouvernement-se-fait-du-beurre-sur-le-dos-des-collectivites","status":"publish","type":"post","link":"https:\/\/pcf08.com\/index.php\/2021\/11\/08\/le-gouvernement-se-fait-du-beurre-sur-le-dos-des-collectivites\/","title":{"rendered":"Le gouvernement se fait du beurre sur le dos des collectivit\u00e9s"},"content":{"rendered":"<p>Sous le pr\u00e9texte de favoriser le tri s\u00e9lectif des d\u00e9chets m\u00e9nagers la Taxe g\u00e9n\u00e9rale sur les activit\u00e9s polluantes (TGAP), augmentera de 400% en 2025, c\u2019est la double peine qui nous est appliqu\u00e9e. Dans les Ardennes nous avons fait le choix de stocker nos d\u00e9chets m\u00e9nagers dans un centre d\u2019enfouissement situ\u00e9 \u00e0 Eteigni\u00e8res. A la fin des ann\u00e9es 1990, il \u00e9tait question de construire une usine d\u2019incin\u00e9ration pour les d\u00e9chets m\u00e9nagers. Majoritairement, \u00e0 l\u2019\u00e9poque, nous avons refus\u00e9 cette solution dans la mesure o\u00f9 une usine d\u2019incin\u00e9ration n\u00e9cessite des tonnages dont nous ne disposons pas et qui de fait aurait concurrenc\u00e9 le tri s\u00e9lectif. Le centre d\u2019enfouissement d\u2019Eteigni\u00e8res est respectueux de l\u2019environnement. Il n\u2019est pas juste que la TGAP s\u2019applique \u00e0 nous alors que l\u2019incin\u00e9ration y \u00e9chappe par de multiples exon\u00e9rations. Pour \u00a0l\u2019agglom\u00e9ration Ardennes-M\u00e9tropole, qui dispose de la comp\u00e9tence d\u00e9chets, la TGAP repr\u00e9sente 148 000 euros en d\u00e9pense annuelle.<\/p>\n<p>Sylvain DALLA ROSA<\/p>\n","protected":false},"excerpt":{"rendered":"<p>Sous le pr\u00e9texte de favoriser le tri s\u00e9lectif des d\u00e9chets m\u00e9nagers la Taxe g\u00e9n\u00e9rale sur les activit\u00e9s polluantes (TGAP), augmentera de 400% en 2025, c\u2019est la double peine qui nous est appliqu\u00e9e. Dans les Ardennes nous avons fait le choix de stocker nos d\u00e9chets m\u00e9nagers dans un centre d\u2019enfouissement situ\u00e9 \u00e0 Eteigni\u00e8res. A la fin [&hellip;]<\/p>\n","protected":false},"author":4,"featured_media":0,"comment_status":"closed","ping_status":"open","sticky":false,"template":"","format":"standard","meta":{"saved_in_kubio":false,"footnotes":""},"categories":[1],"tags":[],"class_list":["post-1344","post","type-post","status-publish","format-standard","hentry","category-non-classe"],"_links":{"self":[{"href":"https:\/\/pcf08.com\/index.php\/wp-json\/wp\/v2\/posts\/1344","targetHints":{"allow":["GET"]}}],"collection":[{"href":"https:\/\/pcf08.com\/index.php\/wp-json\/wp\/v2\/posts"}],"about":[{"href":"https:\/\/pcf08.com\/index.php\/wp-json\/wp\/v2\/types\/post"}],"author":[{"embeddable":true,"href":"https:\/\/pcf08.com\/index.php\/wp-json\/wp\/v2\/users\/4"}],"replies":[{"embeddable":true,"href":"https:\/\/pcf08.com\/index.php\/wp-json\/wp\/v2\/comments?post=1344"}],"version-history":[{"count":2,"href":"https:\/\/pcf08.com\/index.php\/wp-json\/wp\/v2\/posts\/1344\/revisions"}],"predecessor-version":[{"id":2587,"href":"https:\/\/pcf08.com\/index.php\/wp-json\/wp\/v2\/posts\/1344\/revisions\/2587"}],"wp:attachment":[{"href":"https:\/\/pcf08.com\/index.php\/wp-json\/wp\/v2\/media?parent=1344"}],"wp:term":[{"taxonomy":"category","embeddable":true,"href":"https:\/\/pcf08.com\/index.php\/wp-json\/wp\/v2\/categories?post=1344"},{"taxonomy":"post_tag","embeddable":true,"href":"https:\/\/pcf08.com\/index.php\/wp-json\/wp\/v2\/tags?post=1344"}],"curies":[{"name":"wp","href":"https:\/\/api.w.org\/{rel}","templated":true}]}}