{"id":1342,"date":"2021-11-08T17:41:04","date_gmt":"2021-11-08T16:41:04","guid":{"rendered":"http:\/\/pcf08.com\/?p=1342"},"modified":"2021-11-08T17:41:04","modified_gmt":"2021-11-08T16:41:04","slug":"pacte-territorial-de-relance-et-de-transition-ecologique","status":"publish","type":"post","link":"https:\/\/pcf08.com\/index.php\/2021\/11\/08\/pacte-territorial-de-relance-et-de-transition-ecologique\/","title":{"rendered":"Pacte territorial de relance et de transition \u00e9cologique"},"content":{"rendered":"<p>Le Conseil communautaire \u00ab\u00a0Ardenne M\u00e9tropole\u00a0\u00bb s&rsquo;est r\u00e9uni le 26 octobre dernier. A cette occasion les \u00e9lus ont d\u00e9battu de la mise en place d&rsquo;un Pacte territorial de relance et de transition \u00e9cologique. Voici mon intervention dans ce d\u00e9bat :<br \/>\n\u00ab\u00a0Ce Pacte de relance qui se fixe trois objectifs, la relance, la transition \u00e9cologique, la coh\u00e9sion territoriale et sociale, est s\u00e9duisant sur le papier. S\u2019il est appliqu\u00e9 il va aider au d\u00e9veloppement de notre territoire tant dans le domaine \u00e9conomique qu\u2019environnemental. Il peut permettre d\u2019initier des projets indispensables au d\u00e9veloppement de notre territoire. Cependant, j\u2019ai bien regard\u00e9 les fiches actions et nulle part je ne trouve trace d\u2019un engagement financier de l\u2019\u00c9tat qui est pourtant signataire de ce Pacte au cot\u00e9 de notre agglom\u00e9ration, de la R\u00e9gion et du d\u00e9partement. Il est \u00e9voqu\u00e9 des moyens financiers renforc\u00e9s. Je ne crois plus en la parole du gouvernement tellement ces derni\u00e8res ann\u00e9es nous avons souvent \u00e9t\u00e9 roul\u00e9s dans la farine. Je ne vais pas revenir sur les promesses de cr\u00e9ation d\u2019entreprises comme CEVITAL \u00e0 Charleville-M\u00e9zi\u00e8res ou encore Mercier \u00e0 Revin.<br \/>\nConcernant la volont\u00e9 de r\u00e9industrialiser notre territoire pour que cet engagement ne reste pas un v\u0153u pieux il est n\u00e9cessaire de pr\u00e9server l\u2019existant. Je pense particuli\u00e8rement \u00e0 l\u2019entreprise Stellantis ex PSA. Celle-ci, qui est une fonderie aluminium, risque dans les ann\u00e9es qui viennent de voir consid\u00e9rablement diminuer sa production en raison du changement de motorisation des v\u00e9hicules. Les voitures \u00e9lectriques vont progressivement remplacer les voitures \u00e0 essence ou diesel et par cons\u00e9quent voir diminuer les pi\u00e8ces d\u2019aluminium dans la composition des moteurs.<br \/>\nEnfin, concernant le financement de ce Pacte je ne peux m\u2019emp\u00eacher de penser que le gouvernement nous reprend d\u2019une main ce qu\u2019il envisage de nous donner de l\u2019autre. Puisque la transition \u00e9nerg\u00e9tique et \u00e9cologique est au c\u0153ur de ce dispositif je consid\u00e8re que les collectivit\u00e9s sont pressur\u00e9es financi\u00e8rement notamment avec la Taxe g\u00e9n\u00e9rale des activit\u00e9s polluantes (TGAP). Celle-ci va augmenter de 400% en 2025. Alors je voterai ce Pacte mais avec vigilance pour que le gouvernement respecte ses engagements. \u00a0\u00bb<\/p>\n<p>Sylvain DALLA ROSA<\/p>\n","protected":false},"excerpt":{"rendered":"<p>Le Conseil communautaire \u00ab\u00a0Ardenne M\u00e9tropole\u00a0\u00bb s&rsquo;est r\u00e9uni le 26 octobre dernier. A cette occasion les \u00e9lus ont d\u00e9battu de la mise en place d&rsquo;un Pacte territorial de relance et de transition \u00e9cologique. Voici mon intervention dans ce d\u00e9bat : \u00ab\u00a0Ce Pacte de relance qui se fixe trois objectifs, la relance, la transition \u00e9cologique, la coh\u00e9sion [&hellip;]<\/p>\n","protected":false},"author":4,"featured_media":0,"comment_status":"closed","ping_status":"open","sticky":false,"template":"","format":"standard","meta":{"saved_in_kubio":false,"footnotes":""},"categories":[1],"tags":[],"class_list":["post-1342","post","type-post","status-publish","format-standard","hentry","category-non-classe"],"_links":{"self":[{"href":"https:\/\/pcf08.com\/index.php\/wp-json\/wp\/v2\/posts\/1342","targetHints":{"allow":["GET"]}}],"collection":[{"href":"https:\/\/pcf08.com\/index.php\/wp-json\/wp\/v2\/posts"}],"about":[{"href":"https:\/\/pcf08.com\/index.php\/wp-json\/wp\/v2\/types\/post"}],"author":[{"embeddable":true,"href":"https:\/\/pcf08.com\/index.php\/wp-json\/wp\/v2\/users\/4"}],"replies":[{"embeddable":true,"href":"https:\/\/pcf08.com\/index.php\/wp-json\/wp\/v2\/comments?post=1342"}],"version-history":[{"count":1,"href":"https:\/\/pcf08.com\/index.php\/wp-json\/wp\/v2\/posts\/1342\/revisions"}],"predecessor-version":[{"id":1343,"href":"https:\/\/pcf08.com\/index.php\/wp-json\/wp\/v2\/posts\/1342\/revisions\/1343"}],"wp:attachment":[{"href":"https:\/\/pcf08.com\/index.php\/wp-json\/wp\/v2\/media?parent=1342"}],"wp:term":[{"taxonomy":"category","embeddable":true,"href":"https:\/\/pcf08.com\/index.php\/wp-json\/wp\/v2\/categories?post=1342"},{"taxonomy":"post_tag","embeddable":true,"href":"https:\/\/pcf08.com\/index.php\/wp-json\/wp\/v2\/tags?post=1342"}],"curies":[{"name":"wp","href":"https:\/\/api.w.org\/{rel}","templated":true}]}}