{"id":1339,"date":"2021-11-08T17:39:32","date_gmt":"2021-11-08T16:39:32","guid":{"rendered":"http:\/\/pcf08.com\/?p=1339"},"modified":"2021-11-08T17:39:32","modified_gmt":"2021-11-08T16:39:32","slug":"pour-la-rehabilitation-collective-des-fusilles-pour-lexemple-2","status":"publish","type":"post","link":"https:\/\/pcf08.com\/index.php\/2021\/11\/08\/pour-la-rehabilitation-collective-des-fusilles-pour-lexemple-2\/","title":{"rendered":"Pour la r\u00e9habilitation collective des fusill\u00e9s pour l\u2019exemple"},"content":{"rendered":"<p align=\"justify\"><span style=\"font-size: small;\"><img loading=\"lazy\" decoding=\"async\" class=\"size-medium wp-image-1340 alignleft\" src=\"https:\/\/pcf08.com\/wp-content\/uploads\/2021\/11\/11-novembre-2021-240x300.png\" alt=\"\" width=\"240\" height=\"300\" srcset=\"https:\/\/pcf08.com\/wp-content\/uploads\/2021\/11\/11-novembre-2021-240x300.png 240w, https:\/\/pcf08.com\/wp-content\/uploads\/2021\/11\/11-novembre-2021-819x1024.png 819w, https:\/\/pcf08.com\/wp-content\/uploads\/2021\/11\/11-novembre-2021-768x960.png 768w, https:\/\/pcf08.com\/wp-content\/uploads\/2021\/11\/11-novembre-2021.png 1080w\" sizes=\"(max-width: 240px) 100vw, 240px\" \/>Il y aura 103 ans le 11 novembre 2021 que la guerre de 1914-1918 cessait par la signature d\u2019un armistice entre la France et l\u2019Allemagne avec l\u2019accord du Royaume Uni et des USA. Cette 1\u00e8re guerre mondiale avait \u00e9clat\u00e9 au moment o\u00f9 les puissances colonialistes avaient pratiquement termin\u00e9 un partage du monde, la guerre cessait du fait de l\u2019accord entre tous les bellig\u00e9rants. Cette guerre avait co\u00fbt\u00e9 10 millions de morts et 20 millions de bless\u00e9s et de mutil\u00e9s. Tout au long de ces combats les soldats des deux camps montreront leur d\u00e9sespoir, leur refus de cette guerre imp\u00e9rialiste au premier chef. Les commandements fran\u00e7ais, devant cette col\u00e8re, pour masquer leurs responsabilit\u00e9s, ont convoqu\u00e9 des conseils de guerre qui provoqu\u00e8rent 2500 condamnations de soldats \u00e0 \u00eatre fusill\u00e9s pour l\u2019exemple dont 639 furent fusill\u00e9s et les autres d\u00e9port\u00e9s.<\/span><\/p>\n<p align=\"justify\"><span style=\"font-size: small;\">Le PCF et la Jeunesse Communiste, dans leur pure tradition du combat pour la paix et pour la souverainet\u00e9 des peuples, se battent pour la r\u00e9habilitation collective de ces fusill\u00e9s pour l\u2019exemple.<\/span><\/p>\n<p align=\"justify\"><span style=\"font-size: small;\">Les F\u00e9d\u00e9rations des Ardennes du PCF et du MJCF appellent largement \u00e0 continuer ce combat pour la paix et la m\u00e9moire et exhortent l\u2019ensemble des r\u00e9publicains \u00e0 se conduire plus que jamais en soldats de la paix ce 11 novembre 2021, \u00e0 11h devant le buste de Jean-Baptiste Cl\u00e9ment \u00e0 Nouzonville. <\/span><\/p>\n<p align=\"right\"><span style=\"font-size: small;\">Esteban EVRARD<\/span><\/p>\n","protected":false},"excerpt":{"rendered":"<p>Il y aura 103 ans le 11 novembre 2021 que la guerre de 1914-1918 cessait par la signature d\u2019un armistice entre la France et l\u2019Allemagne avec l\u2019accord du Royaume Uni et des USA. Cette 1\u00e8re guerre mondiale avait \u00e9clat\u00e9 au moment o\u00f9 les puissances colonialistes avaient pratiquement termin\u00e9 un partage du monde, la guerre cessait [&hellip;]<\/p>\n","protected":false},"author":4,"featured_media":0,"comment_status":"closed","ping_status":"open","sticky":false,"template":"","format":"standard","meta":{"saved_in_kubio":false,"footnotes":""},"categories":[1],"tags":[],"class_list":["post-1339","post","type-post","status-publish","format-standard","hentry","category-non-classe"],"_links":{"self":[{"href":"https:\/\/pcf08.com\/index.php\/wp-json\/wp\/v2\/posts\/1339","targetHints":{"allow":["GET"]}}],"collection":[{"href":"https:\/\/pcf08.com\/index.php\/wp-json\/wp\/v2\/posts"}],"about":[{"href":"https:\/\/pcf08.com\/index.php\/wp-json\/wp\/v2\/types\/post"}],"author":[{"embeddable":true,"href":"https:\/\/pcf08.com\/index.php\/wp-json\/wp\/v2\/users\/4"}],"replies":[{"embeddable":true,"href":"https:\/\/pcf08.com\/index.php\/wp-json\/wp\/v2\/comments?post=1339"}],"version-history":[{"count":1,"href":"https:\/\/pcf08.com\/index.php\/wp-json\/wp\/v2\/posts\/1339\/revisions"}],"predecessor-version":[{"id":1341,"href":"https:\/\/pcf08.com\/index.php\/wp-json\/wp\/v2\/posts\/1339\/revisions\/1341"}],"wp:attachment":[{"href":"https:\/\/pcf08.com\/index.php\/wp-json\/wp\/v2\/media?parent=1339"}],"wp:term":[{"taxonomy":"category","embeddable":true,"href":"https:\/\/pcf08.com\/index.php\/wp-json\/wp\/v2\/categories?post=1339"},{"taxonomy":"post_tag","embeddable":true,"href":"https:\/\/pcf08.com\/index.php\/wp-json\/wp\/v2\/tags?post=1339"}],"curies":[{"name":"wp","href":"https:\/\/api.w.org\/{rel}","templated":true}]}}