{"id":1319,"date":"2021-10-28T11:05:21","date_gmt":"2021-10-28T09:05:21","guid":{"rendered":"http:\/\/pcf08.com\/?p=1319"},"modified":"2021-10-28T11:05:21","modified_gmt":"2021-10-28T09:05:21","slug":"pour-un-avenir-meilleur-les-communistes-reunis","status":"publish","type":"post","link":"https:\/\/pcf08.com\/index.php\/2021\/10\/28\/pour-un-avenir-meilleur-les-communistes-reunis\/","title":{"rendered":"Pour un avenir meilleur, les Communistes r\u00e9unis"},"content":{"rendered":"<p align=\"justify\"><img loading=\"lazy\" decoding=\"async\" class=\"size-medium wp-image-1320 alignright\" src=\"https:\/\/pcf08.com\/wp-content\/uploads\/2021\/10\/R\u00e9union-coco-300x166.jpeg\" alt=\"\" width=\"300\" height=\"166\" srcset=\"https:\/\/pcf08.com\/wp-content\/uploads\/2021\/10\/R\u00e9union-coco-300x166.jpeg 300w, https:\/\/pcf08.com\/wp-content\/uploads\/2021\/10\/R\u00e9union-coco-1024x566.jpeg 1024w, https:\/\/pcf08.com\/wp-content\/uploads\/2021\/10\/R\u00e9union-coco-768x424.jpeg 768w, https:\/\/pcf08.com\/wp-content\/uploads\/2021\/10\/R\u00e9union-coco.jpeg 1224w\" sizes=\"(max-width: 300px) 100vw, 300px\" \/>R\u00e9unis ce samedi 23 octobre en assembl\u00e9e g\u00e9n\u00e9rale, les adh\u00e9rents de la F\u00e9d\u00e9ration des Ardennes du PCF ont d\u00e9battu et fix\u00e9 nombre d\u2019objectifs pour les semaines \u00e0 venir. La lutte pour le pouvoir d\u2019achat du peuple de France est une priorit\u00e9. Il a \u00e9t\u00e9 rappel\u00e9 \u00e0 de nombreuses reprises que les factures augmentent sans cesse, tout comme le prix des biens de premi\u00e8re n\u00e9cessit\u00e9 mais que les salaires, eux, stagnent tout comme les pensions des retrait\u00e9s. Face \u00e0 cela, il n\u2019est pas question de mesurettes, mais bien d\u2019une vis\u00e9e politique permettant de reconstruire la France : c\u2019est le d\u00e9fi des jours heureux ! Nous luttons pour l\u2019augmentation imm\u00e9diate des salaires, avec comme premi\u00e8re pierre \u00e0 ce grand mur r\u00e9publicain, le SMIC \u00e0 1800\u20ac brut ! Une grande nation est une nation qui permet \u00e0 chacun d\u2019avoir un travail \u00e9mancipateur et un salaire digne !<\/p>\n<p align=\"justify\">Face \u00e0 la flamb\u00e9e des prix du gaz et de l\u2019\u00e9lectricit\u00e9, nous exigeons la renationalisation d\u2019EDF et d\u2019ENGIE pour une ma\u00eetrise publique totale des prix, des investissements, de la maintenance, de la production et de la distribution ! Il a \u00e9t\u00e9 rappel\u00e9 que seuls le progressisme et la coop\u00e9ration entre des nations souveraines permettront de combattre le r\u00e9chauffement climatique, et la flamb\u00e9e de ces prix.<\/p>\n<p align=\"justify\">C\u2019est \u00e0 cette occasion que les communistes Ardennais iront \u00e0 la rencontre de la population pour d\u00e9battre de cette question de l\u2019\u00e9nergie et combattre le racket impos\u00e9 par l\u2019Etat et les grandes multinationales, et plus globalement pour porter un projet \u00e9mancipateur, concret, dans la continuit\u00e9 de la campagne de Fabien Roussel, candidat communiste \u00e0 l\u2019\u00e9lection pr\u00e9sidentielle.<\/p>\n<p align=\"right\">Esteban EVRARD<\/p>\n","protected":false},"excerpt":{"rendered":"<p>R\u00e9unis ce samedi 23 octobre en assembl\u00e9e g\u00e9n\u00e9rale, les adh\u00e9rents de la F\u00e9d\u00e9ration des Ardennes du PCF ont d\u00e9battu et fix\u00e9 nombre d\u2019objectifs pour les semaines \u00e0 venir. La lutte pour le pouvoir d\u2019achat du peuple de France est une priorit\u00e9. Il a \u00e9t\u00e9 rappel\u00e9 \u00e0 de nombreuses reprises que les factures augmentent sans cesse, [&hellip;]<\/p>\n","protected":false},"author":4,"featured_media":0,"comment_status":"closed","ping_status":"open","sticky":false,"template":"","format":"standard","meta":{"saved_in_kubio":false,"footnotes":""},"categories":[1],"tags":[],"class_list":["post-1319","post","type-post","status-publish","format-standard","hentry","category-non-classe"],"_links":{"self":[{"href":"https:\/\/pcf08.com\/index.php\/wp-json\/wp\/v2\/posts\/1319","targetHints":{"allow":["GET"]}}],"collection":[{"href":"https:\/\/pcf08.com\/index.php\/wp-json\/wp\/v2\/posts"}],"about":[{"href":"https:\/\/pcf08.com\/index.php\/wp-json\/wp\/v2\/types\/post"}],"author":[{"embeddable":true,"href":"https:\/\/pcf08.com\/index.php\/wp-json\/wp\/v2\/users\/4"}],"replies":[{"embeddable":true,"href":"https:\/\/pcf08.com\/index.php\/wp-json\/wp\/v2\/comments?post=1319"}],"version-history":[{"count":1,"href":"https:\/\/pcf08.com\/index.php\/wp-json\/wp\/v2\/posts\/1319\/revisions"}],"predecessor-version":[{"id":1321,"href":"https:\/\/pcf08.com\/index.php\/wp-json\/wp\/v2\/posts\/1319\/revisions\/1321"}],"wp:attachment":[{"href":"https:\/\/pcf08.com\/index.php\/wp-json\/wp\/v2\/media?parent=1319"}],"wp:term":[{"taxonomy":"category","embeddable":true,"href":"https:\/\/pcf08.com\/index.php\/wp-json\/wp\/v2\/categories?post=1319"},{"taxonomy":"post_tag","embeddable":true,"href":"https:\/\/pcf08.com\/index.php\/wp-json\/wp\/v2\/tags?post=1319"}],"curies":[{"name":"wp","href":"https:\/\/api.w.org\/{rel}","templated":true}]}}