{"id":1265,"date":"2021-10-21T14:54:40","date_gmt":"2021-10-21T12:54:40","guid":{"rendered":"http:\/\/pcf08.com\/?p=1265"},"modified":"2021-10-21T14:54:40","modified_gmt":"2021-10-21T12:54:40","slug":"la-macerienne-disparition-de-la-smac","status":"publish","type":"post","link":"https:\/\/pcf08.com\/index.php\/2021\/10\/21\/la-macerienne-disparition-de-la-smac\/","title":{"rendered":"La Mac\u00e9rienne, disparition de la SMAC"},"content":{"rendered":"<p align=\"justify\"><span style=\"font-size: small;\"><img loading=\"lazy\" decoding=\"async\" class=\"size-medium wp-image-1266 alignright\" src=\"https:\/\/pcf08.com\/wp-content\/uploads\/2021\/10\/mac\u00e9rienne-300x215.jpg\" alt=\"\" width=\"300\" height=\"215\" \/>Les deux \u00e9v\u00e9nements carolomac\u00e9riens qui marquent la vie culturelle locale, le festival mondial des th\u00e9\u00e2tres de Marionnettes et le Cabaret Vert, ont cette ann\u00e9e occup\u00e9 les locaux de l\u2019ancienne usine la Mac\u00e9rienne \u00e0 M\u00e9zi\u00e8res. Ces b\u00e2timents industriels ont \u00e9t\u00e9 construits en 1894 pour accueillir, \u00e0 l\u2019\u00e9poque, la fabrication de pi\u00e8ces automobiles. L\u2019usine la Mac\u00e9rienne cessa progressivement toutes ses activit\u00e9s et la fermeture d\u00e9finitive est intervenue en 1984. En 1970 travaillait encore 450 salari\u00e9s sur le site. <\/span><\/p>\n<p align=\"justify\"><span style=\"font-size: small;\">Les b\u00e2timents furent class\u00e9s \u00e0 l\u2019Inventaire suppl\u00e9mentaire des monuments historiques notamment en raison d\u2019une Halle r\u00e9alis\u00e9e sur la m\u00e9thode de construction de Gustave EIFFEL. On peut \u00e9galement voir une centrale hydro\u00e9lectrique pour l\u2019exploitation de laquelle une soci\u00e9t\u00e9 a \u00e9t\u00e9 constitu\u00e9e. Pour prot\u00e9ger ce patrimoine et la m\u00e9moire industrielle de notre commune rien de mieux que de lui trouver une nouvelle destination. Un p\u00f4le tertiaire a souvent \u00e9t\u00e9 \u00e9voqu\u00e9 avant de dispara\u00eetre ainsi qu\u2019une Sc\u00e8ne de musique actuelle (SMAC). Aujourd\u2019hui c\u2019est l\u2019association FLAP (qui organise, entre-autres, le Cabaret vert) qui a une occupation permanente des lieux. Celle-ci a montr\u00e9 son savoir-faire \u00e0 l\u2019occasion du r\u00e9cent festival de la Marionnette en mettant en valeur la Mac\u00e9rienne. <\/span><\/p>\n<p align=\"justify\"><span style=\"font-size: small;\">En dehors des \u00e9v\u00e9nement culturels les locaux serviront de stockage au mat\u00e9riel du Cabaret Vert. La gauche avait initi\u00e9 un projet d\u2019une autre envergure en pr\u00e9voyant la r\u00e9alisation d\u2019une Sc\u00e8ne de Musique Actuelle. Ce projet \u00e9tait compos\u00e9 d\u2019un studio d\u2019enregistrement et d\u2019une salle de spectacle de 700 \u00e0 800 places. Ce dossier avait re\u00e7u, en 2012, le label SMAC d\u00e9cern\u00e9 par la Direction r\u00e9gionale des affaires culturelles (DRAC). Le plan de financement pour un montant de presque 10 millions d\u2019euros \u00e9tait boucl\u00e9 avec plusieurs subventions. On peut regretter que la municipalit\u00e9 actuelle ait abandonn\u00e9 ce projet de SMAC qui avait une dimension r\u00e9gionale. A ce jour entre la d\u00e9pollution du terrain, la r\u00e9habilitation de la Halle EIFFEL ou encore la centrale hydro\u00e9lectrique ce sont pr\u00e8s de 3 millions d\u2019euros engag\u00e9s alors que plus personne ne parle de la r\u00e9alisation d\u2019une SMAC.<\/span><\/p>\n<p align=\"justify\"><span style=\"font-size: small;\">Nos concitoyens appr\u00e9cient ces investissements. Les r\u00e9centes journ\u00e9es du patrimoine ont montr\u00e9 l\u2019attachement des habitants \u00e0 la Mac\u00e9rienne. Reprendre le projet de SMAC serait de bon augure pour la p\u00e9rennisation du site. <\/span><\/p>\n<p align=\"right\"><span style=\"font-size: small;\">Sylvain DALLA ROSA<\/span><\/p>\n","protected":false},"excerpt":{"rendered":"<p>Les deux \u00e9v\u00e9nements carolomac\u00e9riens qui marquent la vie culturelle locale, le festival mondial des th\u00e9\u00e2tres de Marionnettes et le Cabaret Vert, ont cette ann\u00e9e occup\u00e9 les locaux de l\u2019ancienne usine la Mac\u00e9rienne \u00e0 M\u00e9zi\u00e8res. Ces b\u00e2timents industriels ont \u00e9t\u00e9 construits en 1894 pour accueillir, \u00e0 l\u2019\u00e9poque, la fabrication de pi\u00e8ces automobiles. L\u2019usine la Mac\u00e9rienne cessa [&hellip;]<\/p>\n","protected":false},"author":4,"featured_media":0,"comment_status":"closed","ping_status":"open","sticky":false,"template":"","format":"standard","meta":{"saved_in_kubio":false,"footnotes":""},"categories":[1],"tags":[],"class_list":["post-1265","post","type-post","status-publish","format-standard","hentry","category-non-classe"],"_links":{"self":[{"href":"https:\/\/pcf08.com\/index.php\/wp-json\/wp\/v2\/posts\/1265","targetHints":{"allow":["GET"]}}],"collection":[{"href":"https:\/\/pcf08.com\/index.php\/wp-json\/wp\/v2\/posts"}],"about":[{"href":"https:\/\/pcf08.com\/index.php\/wp-json\/wp\/v2\/types\/post"}],"author":[{"embeddable":true,"href":"https:\/\/pcf08.com\/index.php\/wp-json\/wp\/v2\/users\/4"}],"replies":[{"embeddable":true,"href":"https:\/\/pcf08.com\/index.php\/wp-json\/wp\/v2\/comments?post=1265"}],"version-history":[{"count":1,"href":"https:\/\/pcf08.com\/index.php\/wp-json\/wp\/v2\/posts\/1265\/revisions"}],"predecessor-version":[{"id":1267,"href":"https:\/\/pcf08.com\/index.php\/wp-json\/wp\/v2\/posts\/1265\/revisions\/1267"}],"wp:attachment":[{"href":"https:\/\/pcf08.com\/index.php\/wp-json\/wp\/v2\/media?parent=1265"}],"wp:term":[{"taxonomy":"category","embeddable":true,"href":"https:\/\/pcf08.com\/index.php\/wp-json\/wp\/v2\/categories?post=1265"},{"taxonomy":"post_tag","embeddable":true,"href":"https:\/\/pcf08.com\/index.php\/wp-json\/wp\/v2\/tags?post=1265"}],"curies":[{"name":"wp","href":"https:\/\/api.w.org\/{rel}","templated":true}]}}