{"id":1263,"date":"2021-10-21T14:52:56","date_gmt":"2021-10-21T12:52:56","guid":{"rendered":"http:\/\/pcf08.com\/?p=1263"},"modified":"2021-10-21T14:52:56","modified_gmt":"2021-10-21T12:52:56","slug":"la-montee-brutale-des-prix-du-gaz-naturel-et-de-lelectricite-sur-les-marches-a-et-aura-de-lourdes-consequences-sur-la-facture-des-consommateurs","status":"publish","type":"post","link":"https:\/\/pcf08.com\/index.php\/2021\/10\/21\/la-montee-brutale-des-prix-du-gaz-naturel-et-de-lelectricite-sur-les-marches-a-et-aura-de-lourdes-consequences-sur-la-facture-des-consommateurs\/","title":{"rendered":"La mont\u00e9e brutale des prix du gaz naturel et de l\u2019\u00e9lectricit\u00e9 sur les march\u00e9s a et aura de lourdes cons\u00e9quences sur la facture des consommateurs"},"content":{"rendered":"<p align=\"justify\"><span style=\"font-size: medium;\"><span style=\"font-family: Liberation Serif, serif;\">Situation d\u00e9licate pour un gouvernement fran\u00e7ais en campagne \u00e9lectorale. Comme ses pr\u00e9d\u00e9cesseurs, le gouvernement qui ne jure que par le march\u00e9 et les privatisations est responsable de la situation, dans la mesure o\u00f9 il est bien l\u2019h\u00e9ritier de la longue tradition des gouvernements fran\u00e7ais. Gouvernements qui comptent sur le Capital et son fameux march\u00e9 pour se substituer de mani\u00e8re \u00ab\u00a0efficace\u00a0\u00bb aux services publics organis\u00e9s autour de grandes institutions ou entreprises nationalis\u00e9es. Aujourd\u2019hui, le monde du travail paie la facture. La lib\u00e9ralisation du secteur de l\u2019\u00e9nergie \u00e0 l\u2019\u00e9chelle europ\u00e9enne et les privatisations n\u2019ont abouti qu\u2019\u00e0 la d\u00e9gradation du droit \u00e0 l\u2019\u00e9nergie. Cela co\u00fbte cher \u00e0 la Nation. Depuis la transformation d\u2019EDF en Soci\u00e9t\u00e9 anonyme en 2004, 64 milliards d\u2019euros de dividendes ont \u00e9t\u00e9 vers\u00e9s par EDF et Engie. Le premier ministre Castex se dit aujourd\u2019hui d\u00e9\u00e7u par le march\u00e9\u00a0: une clause de style pour \u00e9viter d\u2019endosser la responsabilit\u00e9 politique de la situation\u00a0! Mais quelles sont ces lois du march\u00e9\u00a0? Les lois du march\u00e9 \u2013 aussi sophistiqu\u00e9es soient les mod\u00e8les math\u00e9matiques qui d\u00e9crivent leurs fonctionnements \u2013 sont d\u2019une simplicit\u00e9 biblique\u00a0: plus les prix baissent, plus la demande augmente mais plus les prix baissent, plus l\u2019offre diminue et plus l\u2019offre diminue, plus les prix grimpent. Ce sch\u00e9ma de base ne fonctionne pas avec une telle flexibilit\u00e9 pour tous les biens. En effet, si un bien est n\u00e9cessaire, comme le gaz ou l\u2019\u00e9lectricit\u00e9, une augmentation des prix de fourniture aura un effet faiblement d\u00e9primant sur la demande parce que les consommateurs ont besoin de se chauffer en hiver et de lumi\u00e8re \u00e0 la nuit tomb\u00e9e.<\/span><\/span><\/p>\n<p align=\"justify\">Du point de vue du Capital, la situation actuelle n\u2019a rien de particuli\u00e8rement inqui\u00e9tante. La mont\u00e9e des prix de l\u2019\u00e9nergie est m\u00eame une bonne affaire pour les op\u00e9rateurs. Pour des politiciens en campagne \u00e9lectorale, cette crise n\u2019est pas du plus bel effet, mais leurs propositions ressemblent \u00e0 un caut\u00e8re sur une jambe de bois. Si Castex affirme vouloir construire un \u00ab\u00a0bouclier\u00a0\u00bb contre les hausses, en r\u00e9alit\u00e9, il ne fait que les reporter \u00e0 plus tard \u00e9vitant ainsi un trop lourd t\u00e9lescopage avec l\u2019\u00e9lection pr\u00e9sidentielle et il ne remet pas en cause ni les privatisations ni le march\u00e9 unique de l\u2019\u00e9nergie\u00a0! Pour le monde du travail, c\u2019est une autre affaire\u00a0: les factures grimpent et les aides sur le budget d\u2019\u00c9tat, en derni\u00e8re analyse, en tant que contribuable, en taxes directes ou indirectes, \u00e0 la fin, c\u2019est bien lui qui paie. La seule revendication ne peut \u00eatre l\u2019augmentation du ch\u00e8que \u00e9nergie mais la disparition du march\u00e9 du gaz et de l\u2019\u00e9lectricit\u00e9, d\u2019une cr\u00e9ation somme toute r\u00e9cente.<br \/>\nPour en finir avec la sp\u00e9culation sur ces biens essentiels et vitaux que sont l\u2019\u00e9lectricit\u00e9 et le gaz, il faut mener la bataille pour exiger l\u2019abandon du march\u00e9 europ\u00e9en du gaz et de l\u2019\u00e9lectricit\u00e9 et dans l\u2019imm\u00e9diat obtenir par la lutte le blocage des prix, revenir sur les privatisations. Cela implique de retrouver une ma\u00eetrise compl\u00e8te de la Nation sur les choix strat\u00e9giques, y compris du nucl\u00e9aire, sur le secteur \u00e9nerg\u00e9tique par la nationalisation totale de toute la fili\u00e8re qui va de la recherche et du d\u00e9veloppement en passant par la production et la distribution.<br \/>\nEsteban EVRARD<\/p>\n","protected":false},"excerpt":{"rendered":"<p>Situation d\u00e9licate pour un gouvernement fran\u00e7ais en campagne \u00e9lectorale. Comme ses pr\u00e9d\u00e9cesseurs, le gouvernement qui ne jure que par le march\u00e9 et les privatisations est responsable de la situation, dans la mesure o\u00f9 il est bien l\u2019h\u00e9ritier de la longue tradition des gouvernements fran\u00e7ais. Gouvernements qui comptent sur le Capital et son fameux march\u00e9 pour [&hellip;]<\/p>\n","protected":false},"author":4,"featured_media":0,"comment_status":"closed","ping_status":"open","sticky":false,"template":"","format":"standard","meta":{"saved_in_kubio":false,"footnotes":""},"categories":[1],"tags":[],"class_list":["post-1263","post","type-post","status-publish","format-standard","hentry","category-non-classe"],"_links":{"self":[{"href":"https:\/\/pcf08.com\/index.php\/wp-json\/wp\/v2\/posts\/1263","targetHints":{"allow":["GET"]}}],"collection":[{"href":"https:\/\/pcf08.com\/index.php\/wp-json\/wp\/v2\/posts"}],"about":[{"href":"https:\/\/pcf08.com\/index.php\/wp-json\/wp\/v2\/types\/post"}],"author":[{"embeddable":true,"href":"https:\/\/pcf08.com\/index.php\/wp-json\/wp\/v2\/users\/4"}],"replies":[{"embeddable":true,"href":"https:\/\/pcf08.com\/index.php\/wp-json\/wp\/v2\/comments?post=1263"}],"version-history":[{"count":1,"href":"https:\/\/pcf08.com\/index.php\/wp-json\/wp\/v2\/posts\/1263\/revisions"}],"predecessor-version":[{"id":1264,"href":"https:\/\/pcf08.com\/index.php\/wp-json\/wp\/v2\/posts\/1263\/revisions\/1264"}],"wp:attachment":[{"href":"https:\/\/pcf08.com\/index.php\/wp-json\/wp\/v2\/media?parent=1263"}],"wp:term":[{"taxonomy":"category","embeddable":true,"href":"https:\/\/pcf08.com\/index.php\/wp-json\/wp\/v2\/categories?post=1263"},{"taxonomy":"post_tag","embeddable":true,"href":"https:\/\/pcf08.com\/index.php\/wp-json\/wp\/v2\/tags?post=1263"}],"curies":[{"name":"wp","href":"https:\/\/api.w.org\/{rel}","templated":true}]}}