{"id":1260,"date":"2021-10-21T14:50:07","date_gmt":"2021-10-21T12:50:07","guid":{"rendered":"http:\/\/pcf08.com\/?p=1260"},"modified":"2021-10-21T14:50:07","modified_gmt":"2021-10-21T12:50:07","slug":"les-inegalites-sanitaires-au-programme-des-rencontres-des-jours-heureux","status":"publish","type":"post","link":"https:\/\/pcf08.com\/index.php\/2021\/10\/21\/les-inegalites-sanitaires-au-programme-des-rencontres-des-jours-heureux\/","title":{"rendered":"Les in\u00e9galit\u00e9s sanitaires au programme  des rencontres des jours heureux"},"content":{"rendered":"<p><img loading=\"lazy\" decoding=\"async\" class=\"size-medium wp-image-1261 alignleft\" src=\"https:\/\/pcf08.com\/wp-content\/uploads\/2021\/10\/lesjoursheureux-300x200.jpg\" alt=\"\" width=\"300\" height=\"200\" srcset=\"https:\/\/pcf08.com\/wp-content\/uploads\/2021\/10\/lesjoursheureux-300x200.jpg 300w, https:\/\/pcf08.com\/wp-content\/uploads\/2021\/10\/lesjoursheureux-768x513.jpg 768w, https:\/\/pcf08.com\/wp-content\/uploads\/2021\/10\/lesjoursheureux-272x182.jpg 272w, https:\/\/pcf08.com\/wp-content\/uploads\/2021\/10\/lesjoursheureux.jpg 960w\" sizes=\"(max-width: 300px) 100vw, 300px\" \/>Apr\u00e8s Billom, c\u2019est \u00e0 la f\u00eate de l\u2019Humanit\u00e9 de Haute Garonne, \u00e0 Ramonville, que s\u2019est tenue la seconde rencontre des jours heureux, consacr\u00e9e \u00e0 la sant\u00e9 et \u00e0 la recherche.<br \/>\nFabien Roussel, candidat du PCF \u00e0 l\u2019\u00e9lection pr\u00e9sidentielle, propose un pacte d\u2019\u00e9galit\u00e9 dans la sant\u00e9, c\u2019est \u00e0 dire d\u2019investir dans l\u2019humain, dans le respect de la dignit\u00e9 humaine, dans le respect des personnes \u00e2g\u00e9es, des personnes en situation de handicap.<br \/>\nLa question de l\u2019argent est vite r\u00e9gl\u00e9e quand on compare les 157 milliards d\u2019euros de cotisations sociales aux 300 milliards de revenus financiers (dividendes et int\u00e9r\u00eats bancaires). Il faut de l\u2019argent pour l\u2019h\u00f4pital pas pour le capital\u00a0!<br \/>\nLa coh\u00e9rence du programme des jours heureux appara\u00eet tout de suite\u00a0: nous sommes dans la continuit\u00e9 de la rencontre de Billom consacr\u00e9e \u00e0 l\u2019agriculture. Il faut r\u00e9am\u00e9nager notre territoire national pour que partout on vive heureux et non dans des d\u00e9serts de services publics, des d\u00e9serts sanitaires.<br \/>\nIl faut arr\u00eater de mettre en concurrence les territoires entre eux et donner les moyens aux communes de cr\u00e9er des centres de sant\u00e9 \u00e0 l\u2019image de ce qu\u2019ont fait de nombreuses municipalit\u00e9s communistes o\u00f9 les m\u00e9decins soient salari\u00e9s, pratiquent le tiers payant, aient un travail d\u2019\u00e9quipe leur permettant de faire de la pr\u00e9vention.<br \/>\n\u00c9videmment cela passe par la formation de professionnels en nombre et Fabien Roussel a fustig\u00e9 l\u2019hypocrisie du gouvernement ayant supprim\u00e9 le numerus clausus en parole, sans donner aux universit\u00e9s les moyens de former des m\u00e9decins en nombre.<br \/>\nFabien Roussel a rappel\u00e9 le plan d\u2019urgence fait par le PCF pour l\u2019h\u00f4pital avec l\u2019embauche imm\u00e9diate de 100 000 personnels suppl\u00e9mentaires (autant dans les EHPAD et les services d\u2019aide \u00e0 domicile) et s\u2019est longuement attard\u00e9 sur les conditions de travail et de salaire de ces personnels, majoritairement f\u00e9minins\u00a0: ils, elles doivent pouvoir vivre de leur travail dignement et l\u2019utilit\u00e9 sociale du travail doit \u00eatre prise en compte dans les n\u00e9cessaires revalorisations salariales<br \/>\nD\u00e9conjugalisation imm\u00e9diate de l\u2019AAH et un grand service public pour l\u2019autonomie des personnes \u00e2g\u00e9es ou handicap\u00e9es sont aussi au programme.<\/p>\n","protected":false},"excerpt":{"rendered":"<p>Apr\u00e8s Billom, c\u2019est \u00e0 la f\u00eate de l\u2019Humanit\u00e9 de Haute Garonne, \u00e0 Ramonville, que s\u2019est tenue la seconde rencontre des jours heureux, consacr\u00e9e \u00e0 la sant\u00e9 et \u00e0 la recherche. Fabien Roussel, candidat du PCF \u00e0 l\u2019\u00e9lection pr\u00e9sidentielle, propose un pacte d\u2019\u00e9galit\u00e9 dans la sant\u00e9, c\u2019est \u00e0 dire d\u2019investir dans l\u2019humain, dans le respect de [&hellip;]<\/p>\n","protected":false},"author":4,"featured_media":0,"comment_status":"closed","ping_status":"open","sticky":false,"template":"","format":"standard","meta":{"saved_in_kubio":false,"footnotes":""},"categories":[1],"tags":[],"class_list":["post-1260","post","type-post","status-publish","format-standard","hentry","category-non-classe"],"_links":{"self":[{"href":"https:\/\/pcf08.com\/index.php\/wp-json\/wp\/v2\/posts\/1260","targetHints":{"allow":["GET"]}}],"collection":[{"href":"https:\/\/pcf08.com\/index.php\/wp-json\/wp\/v2\/posts"}],"about":[{"href":"https:\/\/pcf08.com\/index.php\/wp-json\/wp\/v2\/types\/post"}],"author":[{"embeddable":true,"href":"https:\/\/pcf08.com\/index.php\/wp-json\/wp\/v2\/users\/4"}],"replies":[{"embeddable":true,"href":"https:\/\/pcf08.com\/index.php\/wp-json\/wp\/v2\/comments?post=1260"}],"version-history":[{"count":1,"href":"https:\/\/pcf08.com\/index.php\/wp-json\/wp\/v2\/posts\/1260\/revisions"}],"predecessor-version":[{"id":1262,"href":"https:\/\/pcf08.com\/index.php\/wp-json\/wp\/v2\/posts\/1260\/revisions\/1262"}],"wp:attachment":[{"href":"https:\/\/pcf08.com\/index.php\/wp-json\/wp\/v2\/media?parent=1260"}],"wp:term":[{"taxonomy":"category","embeddable":true,"href":"https:\/\/pcf08.com\/index.php\/wp-json\/wp\/v2\/categories?post=1260"},{"taxonomy":"post_tag","embeddable":true,"href":"https:\/\/pcf08.com\/index.php\/wp-json\/wp\/v2\/tags?post=1260"}],"curies":[{"name":"wp","href":"https:\/\/api.w.org\/{rel}","templated":true}]}}