{"id":125,"date":"2020-02-01T16:49:57","date_gmt":"2020-02-01T15:49:57","guid":{"rendered":"http:\/\/pcf08.com\/?p=125"},"modified":"2020-02-04T16:51:32","modified_gmt":"2020-02-04T15:51:32","slug":"le-nouveau-prefet-est-il-suffisamment-macron-compatible","status":"publish","type":"post","link":"https:\/\/pcf08.com\/index.php\/2020\/02\/01\/le-nouveau-prefet-est-il-suffisamment-macron-compatible\/","title":{"rendered":"Le nouveau pr\u00e9fet est-il suffisamment Macron compatible?"},"content":{"rendered":"<p class=\"western\" align=\"justify\"><span style=\"font-family: Times New Roman, serif;\"><span style=\"font-size: medium;\">Le merc<\/span><\/span><img loading=\"lazy\" decoding=\"async\" class=\"size-medium wp-image-126 alignleft\" src=\"https:\/\/pcf08.com\/wp-content\/uploads\/2020\/02\/prefecture-300x169.jpg\" alt=\"\" width=\"300\" height=\"169\" \/><span style=\"font-family: Times New Roman, serif;\"><span style=\"font-size: medium;\">redi 15 janvier en Conseil des ministres, Emmanuel Macron a nomm\u00e9 13 nouveaux pr\u00e9fets, il est probable qu\u2019il proc\u00e8de \u00e0 un nombre \u00e9quivalent de nominations dans les semaines prochaines. On assiste \u00e0 un renouvellement des personnels \u00e0 ce niveau de l\u2019administration, les changements de pr\u00e9fet vont concerner jusqu\u2019\u00e0 \u00bc des d\u00e9partements. Emmanuel Macron a toujours fait \u00e9tat publiquement de sa volont\u00e9 d\u2019avoir au sein de l\u2019administration des personnels en phase avec la politique gouvernementale. Il semblerait que ce mouvement de remplacement des anciens repr\u00e9sentants de l\u2019Etat par d\u2019autres plus \u00ab Macron compatibles \u00bb s\u2019acc\u00e9l\u00e8re. Ces nominations ont \u00e9t\u00e9 faites sous la houlette d\u2019Emmanuel Macron, conjointement avec le ministre de l\u2019Int\u00e9rieur.<\/span><\/span><\/p>\n<p class=\"western\" align=\"justify\"><span style=\"font-family: Times New Roman, serif;\"><span style=\"font-size: medium;\"> Le nouveau pr\u00e9fet des Ardennes, J-S Lamontagne, est en fonction depuis 3 mois, on peut l\u00e9gitimement s\u2019interroger sur le sens de cette nomination r\u00e9cente, qui co\u00efncide avec la mise en \u0153uvre par le gouvernement de mesures de plus en plus lib\u00e9rales, et une politique de maintien de l\u2019ordre r\u00e9pressive vis-\u00e0-vis de la contestation sociale. Le nouveau pr\u00e9fet est-il suffisamment \u00ab\u00a0Macron-compatible\u00a0\u00bb\u00a0? L\u2019avenir nous le dira. Il doit y avoir de l\u2019\u00e9coute de l\u2019ensemble des \u00e9lus y compris le PCF.<\/span><\/span><\/p>\n","protected":false},"excerpt":{"rendered":"<p>Le mercredi 15 janvier en Conseil des ministres, Emmanuel Macron a nomm\u00e9 13 nouveaux pr\u00e9fets, il est probable qu\u2019il proc\u00e8de \u00e0 un nombre \u00e9quivalent de nominations dans les semaines prochaines. On assiste \u00e0 un renouvellement des personnels \u00e0 ce niveau de l\u2019administration, les changements de pr\u00e9fet vont concerner jusqu\u2019\u00e0 \u00bc des d\u00e9partements. Emmanuel Macron a [&hellip;]<\/p>\n","protected":false},"author":2,"featured_media":0,"comment_status":"open","ping_status":"open","sticky":false,"template":"","format":"standard","meta":{"saved_in_kubio":false,"footnotes":""},"categories":[1],"tags":[],"class_list":["post-125","post","type-post","status-publish","format-standard","hentry","category-non-classe"],"_links":{"self":[{"href":"https:\/\/pcf08.com\/index.php\/wp-json\/wp\/v2\/posts\/125","targetHints":{"allow":["GET"]}}],"collection":[{"href":"https:\/\/pcf08.com\/index.php\/wp-json\/wp\/v2\/posts"}],"about":[{"href":"https:\/\/pcf08.com\/index.php\/wp-json\/wp\/v2\/types\/post"}],"author":[{"embeddable":true,"href":"https:\/\/pcf08.com\/index.php\/wp-json\/wp\/v2\/users\/2"}],"replies":[{"embeddable":true,"href":"https:\/\/pcf08.com\/index.php\/wp-json\/wp\/v2\/comments?post=125"}],"version-history":[{"count":1,"href":"https:\/\/pcf08.com\/index.php\/wp-json\/wp\/v2\/posts\/125\/revisions"}],"predecessor-version":[{"id":127,"href":"https:\/\/pcf08.com\/index.php\/wp-json\/wp\/v2\/posts\/125\/revisions\/127"}],"wp:attachment":[{"href":"https:\/\/pcf08.com\/index.php\/wp-json\/wp\/v2\/media?parent=125"}],"wp:term":[{"taxonomy":"category","embeddable":true,"href":"https:\/\/pcf08.com\/index.php\/wp-json\/wp\/v2\/categories?post=125"},{"taxonomy":"post_tag","embeddable":true,"href":"https:\/\/pcf08.com\/index.php\/wp-json\/wp\/v2\/tags?post=125"}],"curies":[{"name":"wp","href":"https:\/\/api.w.org\/{rel}","templated":true}]}}