{"id":1239,"date":"2021-10-07T11:59:59","date_gmt":"2021-10-07T09:59:59","guid":{"rendered":"http:\/\/pcf08.com\/?p=1239"},"modified":"2021-10-07T11:59:59","modified_gmt":"2021-10-07T09:59:59","slug":"une-cite-dediee-a-la-marionnette","status":"publish","type":"post","link":"https:\/\/pcf08.com\/index.php\/2021\/10\/07\/une-cite-dediee-a-la-marionnette\/","title":{"rendered":"Une cit\u00e9 d\u00e9di\u00e9e \u00e0 la Marionnette"},"content":{"rendered":"<p align=\"justify\"><img loading=\"lazy\" decoding=\"async\" class=\"size-medium wp-image-1240 alignleft\" src=\"https:\/\/pcf08.com\/wp-content\/uploads\/2021\/10\/marionnettes-172x300.jpg\" alt=\"\" width=\"172\" height=\"300\" srcset=\"https:\/\/pcf08.com\/wp-content\/uploads\/2021\/10\/marionnettes-172x300.jpg 172w, https:\/\/pcf08.com\/wp-content\/uploads\/2021\/10\/marionnettes.jpg 550w\" sizes=\"(max-width: 172px) 100vw, 172px\" \/>Le 26 septembre le rideau est tomb\u00e9 sur le festival 2021 des Th\u00e9\u00e2tres de Marionnettes. Celui-ci, malgr\u00e9 la situation sanitaire, a connu pendant dix jours une affluence qui marque l\u2019ancrage de ce festival dans la culture carolomac\u00e9rienne. Ce ne sont pas moins de 45 000 billets pour des spectacles qui ont \u00e9t\u00e9 diffus\u00e9s. De festival en festival, Charleville-M\u00e9zi\u00e8res assoit sa position de capitale mondiale de la Marionnette. L\u2019exub\u00e9rante ministre de la culture a m\u00eame tenu \u00e0 rappeler l\u2019engagement gouvernemental d\u2019attribuer un label national pour les Arts de la Marionnette.<\/p>\n<p align=\"justify\">Si le festival, tous les deux ans, est la vitrine, en coulisses la ville continue \u00e0 investir pour faire de la Marionnette un art majeur dans la ville chef lieu des Ardennes. Ainsi, le conseil municipal a r\u00e9cemment ent\u00e9rin\u00e9 la r\u00e9alisation d\u2019un projet \u00ab\u00a0Cit\u00e9 des Arts de la Marionnette\u00a0\u00bb. Il s\u2019agit d\u2019une op\u00e9ration d\u2019envergure pour un montant de 15,78 millions. C\u2019est la cr\u00e9ation d\u2019une r\u00e9serve mus\u00e9ale (sur le site SNCF de Mohon) ou encore la r\u00e9novation et l\u2019extension du site de l\u2019Espace Lebon qui sont \u00e0 l\u2019ordre du jour. La mise en \u0153uvre de ce projet ancrera d\u00e9finitivement la ville comme leader du d\u00e9veloppement de la Marionnette. Comme il vient encore de le montrer, le public ne fait pas d\u00e9faut. Reste maintenant \u00e0 \u00e9largir les spectacles de rue aux quartiers.<\/p>\n<p align=\"justify\">Depuis plusieurs d\u00e9cennies, petit \u00e0 petit, la ville s\u2019affiche comme incontournable quand il s\u2019agit des arts de la marionnette. Membre, en tant qu\u2019\u00e9lu communiste, j\u2019ai r\u00e9cemment particip\u00e9 au jury de concours pour d\u00e9signer le cabinet d\u2019architecture comme laur\u00e9at qui va assumer la ma\u00eetrise d\u2019\u0153uvre pour la r\u00e9alisation de la \u00ab\u00a0Cit\u00e9 des Arts de la Marionnette\u00a0\u00bb.<\/p>\n<p align=\"right\">Sylvain DALLA ROSA<\/p>\n","protected":false},"excerpt":{"rendered":"<p>Le 26 septembre le rideau est tomb\u00e9 sur le festival 2021 des Th\u00e9\u00e2tres de Marionnettes. Celui-ci, malgr\u00e9 la situation sanitaire, a connu pendant dix jours une affluence qui marque l\u2019ancrage de ce festival dans la culture carolomac\u00e9rienne. Ce ne sont pas moins de 45 000 billets pour des spectacles qui ont \u00e9t\u00e9 diffus\u00e9s. De festival [&hellip;]<\/p>\n","protected":false},"author":4,"featured_media":0,"comment_status":"closed","ping_status":"open","sticky":false,"template":"","format":"standard","meta":{"saved_in_kubio":false,"footnotes":""},"categories":[1],"tags":[],"class_list":["post-1239","post","type-post","status-publish","format-standard","hentry","category-non-classe"],"_links":{"self":[{"href":"https:\/\/pcf08.com\/index.php\/wp-json\/wp\/v2\/posts\/1239","targetHints":{"allow":["GET"]}}],"collection":[{"href":"https:\/\/pcf08.com\/index.php\/wp-json\/wp\/v2\/posts"}],"about":[{"href":"https:\/\/pcf08.com\/index.php\/wp-json\/wp\/v2\/types\/post"}],"author":[{"embeddable":true,"href":"https:\/\/pcf08.com\/index.php\/wp-json\/wp\/v2\/users\/4"}],"replies":[{"embeddable":true,"href":"https:\/\/pcf08.com\/index.php\/wp-json\/wp\/v2\/comments?post=1239"}],"version-history":[{"count":1,"href":"https:\/\/pcf08.com\/index.php\/wp-json\/wp\/v2\/posts\/1239\/revisions"}],"predecessor-version":[{"id":1241,"href":"https:\/\/pcf08.com\/index.php\/wp-json\/wp\/v2\/posts\/1239\/revisions\/1241"}],"wp:attachment":[{"href":"https:\/\/pcf08.com\/index.php\/wp-json\/wp\/v2\/media?parent=1239"}],"wp:term":[{"taxonomy":"category","embeddable":true,"href":"https:\/\/pcf08.com\/index.php\/wp-json\/wp\/v2\/categories?post=1239"},{"taxonomy":"post_tag","embeddable":true,"href":"https:\/\/pcf08.com\/index.php\/wp-json\/wp\/v2\/tags?post=1239"}],"curies":[{"name":"wp","href":"https:\/\/api.w.org\/{rel}","templated":true}]}}