{"id":1232,"date":"2021-10-07T11:57:54","date_gmt":"2021-10-07T09:57:54","guid":{"rendered":"http:\/\/pcf08.com\/?p=1232"},"modified":"2021-10-07T11:57:54","modified_gmt":"2021-10-07T09:57:54","slug":"le-pcf-a-linitiative-pour-une-industrie-a-revin","status":"publish","type":"post","link":"https:\/\/pcf08.com\/index.php\/2021\/10\/07\/le-pcf-a-linitiative-pour-une-industrie-a-revin\/","title":{"rendered":"Le PCF, \u00e0 l\u2019initiative pour une industrie \u00e0 Revin"},"content":{"rendered":"<p><img loading=\"lazy\" decoding=\"async\" class=\"size-medium wp-image-1233\" src=\"https:\/\/pcf08.com\/wp-content\/uploads\/2021\/10\/Revin-300x225.jpg\" alt=\"\" width=\"300\" height=\"225\" srcset=\"https:\/\/pcf08.com\/wp-content\/uploads\/2021\/10\/Revin-300x225.jpg 300w, https:\/\/pcf08.com\/wp-content\/uploads\/2021\/10\/Revin-1024x768.jpg 1024w, https:\/\/pcf08.com\/wp-content\/uploads\/2021\/10\/Revin-768x576.jpg 768w, https:\/\/pcf08.com\/wp-content\/uploads\/2021\/10\/Revin.jpg 1200w\" sizes=\"(max-width: 300px) 100vw, 300px\" \/><\/p>\n<p align=\"justify\">Vendredi 1er octobre, la section PCF de Revin avait rendez-vous avec Lucile Josse, membre du cabinet de la ministre Jacqueline Gourault, pour comprendre les motifs du d\u00e9sengagement de l\u2019\u00c9tat dans l\u2019implantation des Cycles Mercier et pour proposer des pistes industrielles fiables et p\u00e9rennes dans la Vall\u00e9e de la Meuse.<\/p>\n<p align=\"justify\">L\u2019action du PCF de Revin a commenc\u00e9 d\u00e9but ao\u00fbt, lors de l\u2019annonce du retrait des financements \u00e9tatiques sur le projet d\u2019implantation de l\u2019usine de v\u00e9los des Cycles Mercier, usine qui devait permettre l\u2019emploi de 270 travailleurs. Les camarades lancent alors une p\u00e9tition pour demander un projet industriel pour la ville et re\u00e7oivent un soutien populaire massif. D\u2019abord, les communistes font signer au march\u00e9, devant les magasins, devant les boulangeries. Ils sont rejoints par les commer\u00e7ants qui se lancent dans la bataille et recueillent pr\u00e8s de 300 signatures aupr\u00e8s de leurs clients. Fort de cette mobilisation et des 1200 signatures recueillies, les camarades communistes appellent le minist\u00e8re de Jacqueline Gourault \u2013 qui \u00e9tait venu promettre les Cycles Mercier \u2013 et obtiennent un rendez-vous. Une d\u00e9l\u00e9gation est cr\u00e9\u00e9e pour se rendre \u00e0 Paris. Partent deux communistes et trois Revinois signataires.<\/p>\n<p align=\"justify\">Quel bilan tir\u00e9 de ce rendez-vous\u00a0? Le premier bilan doit \u00eatre d\u2019ordre militant, et celui-ci est une r\u00e9ussite. La p\u00e9tition a permis de d\u00e9velopper le lien avec les Revinois, de les impliquer et de d\u00e9montrer la force d\u2019une lutte collective. Lors du rendez-vous, nous avons pu cr\u00e9er un lien privil\u00e9gi\u00e9 avec les Revinois signataires venus \u00e0 nos c\u00f4t\u00e9s. Je pense \u00e0 Nassim qui veut continuer \u00e0 se battre avec le Parti, notamment sur la question palestinienne. Je pense \u00e0 Guillaume qui ne \u00ab\u00a0s\u2019int\u00e9ressait pas \u00e0 la politique\u00a0\u00bb et qui, \u00e0 la sortie du minist\u00e8re, souhaitait organiser une manifestation pour d\u00e9fendre l\u2019industrie \u00e0 Revin. Deux futurs camarades, marqu\u00e9s par leur participation \u00e0 l\u2019action.<\/p>\n<p align=\"justify\">Le second bilan, sur le fond du dossier, est plus nuanc\u00e9. Nous attendions des r\u00e9ponses sur le fiasco des Cycles Mercier et nous n\u2019avons rien obtenu. Sur la strat\u00e9gie industrielle, le gouvernement ne souhaite pas prendre le r\u00f4le de planificateur, de l\u2019aveu de notre interlocutrice. Celle-ci nous propose donc de travailler nos propositions par nous-m\u00eame, et d\u2019organiser un second rendez-vous en f\u00e9vrier \u00e0 Bercy pour en discuter. Nous disons chiche\u00a0! Le travail a commenc\u00e9 avec le Parti Communiste, avec la CGT, avec les \u00e9lus locaux pour pr\u00e9ciser notre plan pour l\u2019industrie dans la pointe des Ardennes.<\/p>\n<p align=\"right\">Maxime GRULET<\/p>\n","protected":false},"excerpt":{"rendered":"<p>Vendredi 1er octobre, la section PCF de Revin avait rendez-vous avec Lucile Josse, membre du cabinet de la ministre Jacqueline Gourault, pour comprendre les motifs du d\u00e9sengagement de l\u2019\u00c9tat dans l\u2019implantation des Cycles Mercier et pour proposer des pistes industrielles fiables et p\u00e9rennes dans la Vall\u00e9e de la Meuse. L\u2019action du PCF de Revin a [&hellip;]<\/p>\n","protected":false},"author":4,"featured_media":0,"comment_status":"closed","ping_status":"open","sticky":false,"template":"","format":"standard","meta":{"saved_in_kubio":false,"footnotes":""},"categories":[1],"tags":[],"class_list":["post-1232","post","type-post","status-publish","format-standard","hentry","category-non-classe"],"_links":{"self":[{"href":"https:\/\/pcf08.com\/index.php\/wp-json\/wp\/v2\/posts\/1232","targetHints":{"allow":["GET"]}}],"collection":[{"href":"https:\/\/pcf08.com\/index.php\/wp-json\/wp\/v2\/posts"}],"about":[{"href":"https:\/\/pcf08.com\/index.php\/wp-json\/wp\/v2\/types\/post"}],"author":[{"embeddable":true,"href":"https:\/\/pcf08.com\/index.php\/wp-json\/wp\/v2\/users\/4"}],"replies":[{"embeddable":true,"href":"https:\/\/pcf08.com\/index.php\/wp-json\/wp\/v2\/comments?post=1232"}],"version-history":[{"count":3,"href":"https:\/\/pcf08.com\/index.php\/wp-json\/wp\/v2\/posts\/1232\/revisions"}],"predecessor-version":[{"id":1236,"href":"https:\/\/pcf08.com\/index.php\/wp-json\/wp\/v2\/posts\/1232\/revisions\/1236"}],"wp:attachment":[{"href":"https:\/\/pcf08.com\/index.php\/wp-json\/wp\/v2\/media?parent=1232"}],"wp:term":[{"taxonomy":"category","embeddable":true,"href":"https:\/\/pcf08.com\/index.php\/wp-json\/wp\/v2\/categories?post=1232"},{"taxonomy":"post_tag","embeddable":true,"href":"https:\/\/pcf08.com\/index.php\/wp-json\/wp\/v2\/tags?post=1232"}],"curies":[{"name":"wp","href":"https:\/\/api.w.org\/{rel}","templated":true}]}}