{"id":1223,"date":"2021-09-30T15:14:23","date_gmt":"2021-09-30T13:14:23","guid":{"rendered":"http:\/\/pcf08.com\/?p=1223"},"modified":"2021-09-30T15:14:23","modified_gmt":"2021-09-30T13:14:23","slug":"ag-du-comite-de-defense-des-hopitaux-de-proximite-des-ardennes","status":"publish","type":"post","link":"https:\/\/pcf08.com\/index.php\/2021\/09\/30\/ag-du-comite-de-defense-des-hopitaux-de-proximite-des-ardennes\/","title":{"rendered":"AG du comit\u00e9 de d\u00e9fense des h\u00f4pitaux de proximit\u00e9 des Ardennes"},"content":{"rendered":"<p align=\"justify\"><img loading=\"lazy\" decoding=\"async\" class=\"size-medium wp-image-1224 alignleft\" src=\"https:\/\/pcf08.com\/wp-content\/uploads\/2021\/09\/AGcomitedefense-300x296.jpg\" alt=\"\" width=\"300\" height=\"296\" srcset=\"https:\/\/pcf08.com\/wp-content\/uploads\/2021\/09\/AGcomitedefense-300x296.jpg 300w, https:\/\/pcf08.com\/wp-content\/uploads\/2021\/09\/AGcomitedefense.jpg 477w\" sizes=\"(max-width: 300px) 100vw, 300px\" \/>Elle aura lieu le 5 octobre \u00e0 18 h salle Guy Canon (Avenue de Warcq) ) \u00e0 Charleville-M\u00e9zi\u00e8res. Apr\u00e8s l\u2019AG statutaire, le th\u00e8me du d\u00e9bat de cette ann\u00e9e sera la marchandisation du soin avec la participation d\u2019un \u00e9conomiste du travail\u00a0: Alexis Jeamet. Plut\u00f4t que de donner aux h\u00f4pitaux les moyens de fonctionner, l&rsquo;id\u00e9ologie actuelle consiste \u00e0 transformer le travail des soignants pour le rendre plus \u00ab\u00a0rentable\u00a0\u00bb au m\u00e9pris de la qualit\u00e9 du travail et de la prise en charge des patients, en le d\u00e9shumanisant, en le transformant en un simple service marchand. Les cons\u00e9quences en sont redoutables, tant pour les personnels que pour les patients.<\/p>\n","protected":false},"excerpt":{"rendered":"<p>Elle aura lieu le 5 octobre \u00e0 18 h salle Guy Canon (Avenue de Warcq) ) \u00e0 Charleville-M\u00e9zi\u00e8res. Apr\u00e8s l\u2019AG statutaire, le th\u00e8me du d\u00e9bat de cette ann\u00e9e sera la marchandisation du soin avec la participation d\u2019un \u00e9conomiste du travail\u00a0: Alexis Jeamet. Plut\u00f4t que de donner aux h\u00f4pitaux les moyens de fonctionner, l&rsquo;id\u00e9ologie actuelle consiste [&hellip;]<\/p>\n","protected":false},"author":4,"featured_media":0,"comment_status":"closed","ping_status":"open","sticky":false,"template":"","format":"standard","meta":{"saved_in_kubio":false,"footnotes":""},"categories":[1],"tags":[],"class_list":["post-1223","post","type-post","status-publish","format-standard","hentry","category-non-classe"],"_links":{"self":[{"href":"https:\/\/pcf08.com\/index.php\/wp-json\/wp\/v2\/posts\/1223","targetHints":{"allow":["GET"]}}],"collection":[{"href":"https:\/\/pcf08.com\/index.php\/wp-json\/wp\/v2\/posts"}],"about":[{"href":"https:\/\/pcf08.com\/index.php\/wp-json\/wp\/v2\/types\/post"}],"author":[{"embeddable":true,"href":"https:\/\/pcf08.com\/index.php\/wp-json\/wp\/v2\/users\/4"}],"replies":[{"embeddable":true,"href":"https:\/\/pcf08.com\/index.php\/wp-json\/wp\/v2\/comments?post=1223"}],"version-history":[{"count":1,"href":"https:\/\/pcf08.com\/index.php\/wp-json\/wp\/v2\/posts\/1223\/revisions"}],"predecessor-version":[{"id":1225,"href":"https:\/\/pcf08.com\/index.php\/wp-json\/wp\/v2\/posts\/1223\/revisions\/1225"}],"wp:attachment":[{"href":"https:\/\/pcf08.com\/index.php\/wp-json\/wp\/v2\/media?parent=1223"}],"wp:term":[{"taxonomy":"category","embeddable":true,"href":"https:\/\/pcf08.com\/index.php\/wp-json\/wp\/v2\/categories?post=1223"},{"taxonomy":"post_tag","embeddable":true,"href":"https:\/\/pcf08.com\/index.php\/wp-json\/wp\/v2\/tags?post=1223"}],"curies":[{"name":"wp","href":"https:\/\/api.w.org\/{rel}","templated":true}]}}